{"id":19056,"date":"2017-03-15T20:40:21","date_gmt":"2017-03-15T20:40:21","guid":{"rendered":""},"modified":"2017-03-15T20:40:21","modified_gmt":"2017-03-15T20:40:21","slug":"panama-metro-y-bocas-del-toro-se-miden-hoy-en-el-rod-carew","status":"publish","type":"post","link":"https:\/\/sertv.gob.pa\/nacionalfm\/panama-metro-y-bocas-del-toro-se-miden-hoy-en-el-rod-carew\/","title":{"rendered":"Panam\u00e1 Metro y Bocas del Toro se miden hoy en el Rod Carew"},"content":{"rendered":"<p>\n Esta noche en la continuaci\u00f3n del Campeonato Nacional de B\u00e9isbol Mayor se medir\u00e1n a las 8 de la noche Bocas del Toro y Panam\u00e1 Metro, en el estadio Rod Carew a las 8 de la noche.  <\/p>\n<p> Panam\u00e1 Oeste se enfrenta a Col\u00f3n en el estadio Roberto Mariano Bula de la Costa Atl\u00e1ntica y Chiriqu\u00ed Occidente ver\u00e1 acci\u00f3n ante Herrera en el estadio Rico Cede\u00f1o de Chitr\u00e9, ambos partidos se realizar\u00e1n a las 7 de la noche.  <\/p>\n","protected":false},"excerpt":{"rendered":"<p>Esta noche en la continuaci\u00f3n del Campeonato Nacional de B\u00e9isbol <a href=\"https:\/\/sertv.gob.pa\/nacionalfm\/panama-metro-y-bocas-del-toro-se-miden-hoy-en-el-rod-carew\/\"> [&#8230;]<\/a><\/p>\n","protected":false},"author":1,"featured_media":19057,"comment_status":"closed","ping_status":"closed","sticky":false,"template":"","format":"standard","meta":{"footnotes":""},"categories":[4],"tags":[],"class_list":["post-19056","post","type-post","status-publish","format-standard","has-post-thumbnail","hentry","category-deportes"],"_links":{"self":[{"href":"https:\/\/sertv.gob.pa\/nacionalfm\/wp-json\/wp\/v2\/posts\/19056","targetHints":{"allow":["GET"]}}],"collection":[{"href":"https:\/\/sertv.gob.pa\/nacionalfm\/wp-json\/wp\/v2\/posts"}],"about":[{"href":"https:\/\/sertv.gob.pa\/nacionalfm\/wp-json\/wp\/v2\/types\/post"}],"author":[{"embeddable":true,"href":"https:\/\/sertv.gob.pa\/nacionalfm\/wp-json\/wp\/v2\/users\/1"}],"replies":[{"embeddable":true,"href":"https:\/\/sertv.gob.pa\/nacionalfm\/wp-json\/wp\/v2\/comments?post=19056"}],"version-history":[{"count":0,"href":"https:\/\/sertv.gob.pa\/nacionalfm\/wp-json\/wp\/v2\/posts\/19056\/revisions"}],"wp:featuredmedia":[{"embeddable":true,"href":"https:\/\/sertv.gob.pa\/nacionalfm\/wp-json\/wp\/v2\/media\/19057"}],"wp:attachment":[{"href":"https:\/\/sertv.gob.pa\/nacionalfm\/wp-json\/wp\/v2\/media?parent=19056"}],"wp:term":[{"taxonomy":"category","embeddable":true,"href":"https:\/\/sertv.gob.pa\/nacionalfm\/wp-json\/wp\/v2\/categories?post=19056"},{"taxonomy":"post_tag","embeddable":true,"href":"https:\/\/sertv.gob.pa\/nacionalfm\/wp-json\/wp\/v2\/tags?post=19056"}],"curies":[{"name":"wp","href":"https:\/\/api.w.org\/{rel}","templated":true}]}}