{"id":19076,"date":"2017-03-16T18:24:57","date_gmt":"2017-03-16T18:24:57","guid":{"rendered":""},"modified":"2017-03-16T18:24:57","modified_gmt":"2017-03-16T18:24:57","slug":"los-ninos-y-los-trastornos-del-sueno","status":"publish","type":"post","link":"https:\/\/sertv.gob.pa\/nacionalfm\/los-ninos-y-los-trastornos-del-sueno\/","title":{"rendered":"Los ni\u00f1os y los trastornos del sue\u00f1o"},"content":{"rendered":"<p>\nIntentar dormir a un ni\u00f1o puede ser una labor tit\u00e1nica para un padre y puede que no se trate solo de miedo a la oscuridad o querer jugar unos minutos m\u00e1s. <\/p>\n<p>La neuropediatra, Roc\u00edo S\u00e1nchez, asegura que las causas m\u00e1s frecuentes del trastorno del sue\u00f1o infantil son, en la mayor\u00eda de los casos, malos h\u00e1bitos establecidos que pueden ser resueltos en la consulta pedi\u00e1trica. <\/p>\n<p>&lsquo;No son ni\u00f1os que padezcan una enfermedad, ni tienen problemas psicol\u00f3gicos, sino que los padres no les establecen conductas u horarios a la hora de dormir&#8217;, aclara. <\/p>\n<p>S\u00e1nchez indica que lo primero que se debe hacer es llevar un horario estricto a los hijos para la hora de dormir. <\/p>\n<p>Hay que evitar que los ni\u00f1os se vayan a la cama con un celular, ordenador o tableta, esto los distrae y no permite que concilien el sue\u00f1o r\u00e1pido. <\/p>\n<p>Otras recomendaciones son &lsquo;acostar y levantar a los ni\u00f1os a la misma hora, promover el dormir sin la presencia de los padres, llevarlos a la cama cuando est\u00e1n cansados, realizar actividades relajantes y no resolver problemas antes de acostarse&#8217;, recomienda S\u00e1nchez. <\/p>\n<p>La pediatra Mar\u00eda Beatriz Abbot coincide en que este trastorno tiene un impacto negativo en la salud y en la calidad de vida de los ni\u00f1os, y que tambi\u00e9n puede darse por problemas patol\u00f3gicos relacionados con el insomnio. <\/p>\n<p>&lsquo;Se estima que entre 20% a 30% de las visitas al pediatra est\u00e1n relacionadas con alg\u00fan problema ligado al sue\u00f1o, y los padres pueden hacer mucho para ayudar a sus hijos a conciliar un sue\u00f1o profundo y reparador, el que necesitan para crecer saludablemente&#8217;, asegura Abbot. <\/p>\n<p>\u00a0 <\/p>\n","protected":false},"excerpt":{"rendered":"<p>Intentar dormir a un ni\u00f1o puede ser una labor tit\u00e1nica <a href=\"https:\/\/sertv.gob.pa\/nacionalfm\/los-ninos-y-los-trastornos-del-sueno\/\"> [&#8230;]<\/a><\/p>\n","protected":false},"author":1,"featured_media":19077,"comment_status":"closed","ping_status":"closed","sticky":false,"template":"","format":"standard","meta":{"footnotes":""},"categories":[5],"tags":[],"class_list":["post-19076","post","type-post","status-publish","format-standard","has-post-thumbnail","hentry","category-salud"],"_links":{"self":[{"href":"https:\/\/sertv.gob.pa\/nacionalfm\/wp-json\/wp\/v2\/posts\/19076","targetHints":{"allow":["GET"]}}],"collection":[{"href":"https:\/\/sertv.gob.pa\/nacionalfm\/wp-json\/wp\/v2\/posts"}],"about":[{"href":"https:\/\/sertv.gob.pa\/nacionalfm\/wp-json\/wp\/v2\/types\/post"}],"author":[{"embeddable":true,"href":"https:\/\/sertv.gob.pa\/nacionalfm\/wp-json\/wp\/v2\/users\/1"}],"replies":[{"embeddable":true,"href":"https:\/\/sertv.gob.pa\/nacionalfm\/wp-json\/wp\/v2\/comments?post=19076"}],"version-history":[{"count":0,"href":"https:\/\/sertv.gob.pa\/nacionalfm\/wp-json\/wp\/v2\/posts\/19076\/revisions"}],"wp:featuredmedia":[{"embeddable":true,"href":"https:\/\/sertv.gob.pa\/nacionalfm\/wp-json\/wp\/v2\/media\/19077"}],"wp:attachment":[{"href":"https:\/\/sertv.gob.pa\/nacionalfm\/wp-json\/wp\/v2\/media?parent=19076"}],"wp:term":[{"taxonomy":"category","embeddable":true,"href":"https:\/\/sertv.gob.pa\/nacionalfm\/wp-json\/wp\/v2\/categories?post=19076"},{"taxonomy":"post_tag","embeddable":true,"href":"https:\/\/sertv.gob.pa\/nacionalfm\/wp-json\/wp\/v2\/tags?post=19076"}],"curies":[{"name":"wp","href":"https:\/\/api.w.org\/{rel}","templated":true}]}}