{"id":191,"date":"2014-07-09T05:00:00","date_gmt":"2014-07-09T05:00:00","guid":{"rendered":""},"modified":"2014-07-09T05:00:00","modified_gmt":"2014-07-09T05:00:00","slug":"haran-un-diagnostico-sobre-la-salud","status":"publish","type":"post","link":"https:\/\/sertv.gob.pa\/nacionalfm\/haran-un-diagnostico-sobre-la-salud\/","title":{"rendered":"Har\u00e1n un diagn\u00f3stico sobre la salud"},"content":{"rendered":"<p>\nEl dirigente m\u00e9dico Julio Osorio anunci\u00f3 que, junto con el Ministerio de Salud (Minsa), elaborar\u00e1 un &ldquo;diagn\u00f3stico de la salud&rdquo; con el prop\u00f3sito de conocer qu\u00e9 enferma a los paname\u00f1os y cu\u00e1les son las principales causas de muerte. <\/p>\n<p>Seg\u00fan Osorio, este es uno de los resultados que surgi\u00f3 de las \u00faltimas reuniones que sostuvieron con representantes del Gobierno para mejorar el sistema. Asimismo, se\u00f1al\u00f3 que durante los \u00faltimos 10 a\u00f1os los indicadores de salud &ldquo;se han mantenido ocultos&rdquo;.\u00a0 @nacionalFm <\/p>\n<p>\u00a0 <\/p>\n","protected":false},"excerpt":{"rendered":"<p>El dirigente m\u00e9dico Julio Osorio anunci\u00f3 que, junto con el <a href=\"https:\/\/sertv.gob.pa\/nacionalfm\/haran-un-diagnostico-sobre-la-salud\/\"> [&#8230;]<\/a><\/p>\n","protected":false},"author":1,"featured_media":192,"comment_status":"closed","ping_status":"closed","sticky":false,"template":"","format":"standard","meta":{"footnotes":""},"categories":[5],"tags":[],"class_list":["post-191","post","type-post","status-publish","format-standard","has-post-thumbnail","hentry","category-salud"],"_links":{"self":[{"href":"https:\/\/sertv.gob.pa\/nacionalfm\/wp-json\/wp\/v2\/posts\/191","targetHints":{"allow":["GET"]}}],"collection":[{"href":"https:\/\/sertv.gob.pa\/nacionalfm\/wp-json\/wp\/v2\/posts"}],"about":[{"href":"https:\/\/sertv.gob.pa\/nacionalfm\/wp-json\/wp\/v2\/types\/post"}],"author":[{"embeddable":true,"href":"https:\/\/sertv.gob.pa\/nacionalfm\/wp-json\/wp\/v2\/users\/1"}],"replies":[{"embeddable":true,"href":"https:\/\/sertv.gob.pa\/nacionalfm\/wp-json\/wp\/v2\/comments?post=191"}],"version-history":[{"count":0,"href":"https:\/\/sertv.gob.pa\/nacionalfm\/wp-json\/wp\/v2\/posts\/191\/revisions"}],"wp:featuredmedia":[{"embeddable":true,"href":"https:\/\/sertv.gob.pa\/nacionalfm\/wp-json\/wp\/v2\/media\/192"}],"wp:attachment":[{"href":"https:\/\/sertv.gob.pa\/nacionalfm\/wp-json\/wp\/v2\/media?parent=191"}],"wp:term":[{"taxonomy":"category","embeddable":true,"href":"https:\/\/sertv.gob.pa\/nacionalfm\/wp-json\/wp\/v2\/categories?post=191"},{"taxonomy":"post_tag","embeddable":true,"href":"https:\/\/sertv.gob.pa\/nacionalfm\/wp-json\/wp\/v2\/tags?post=191"}],"curies":[{"name":"wp","href":"https:\/\/api.w.org\/{rel}","templated":true}]}}