{"id":1914,"date":"2014-10-08T05:00:00","date_gmt":"2014-10-08T05:00:00","guid":{"rendered":""},"modified":"2014-10-08T05:00:00","modified_gmt":"2014-10-08T05:00:00","slug":"muere-primer-paciente-de-ebola-diagnosticado-en-eu","status":"publish","type":"post","link":"https:\/\/sertv.gob.pa\/nacionalfm\/muere-primer-paciente-de-ebola-diagnosticado-en-eu\/","title":{"rendered":"Muere primer paciente de \u00e9bola diagnosticado en EU"},"content":{"rendered":"<p>\nThomas Eric Duncan, \u00a0primer paciente de \u00e9bola diagnosticado en Estados Unidos, \u00a0ha fallecido, informaron hoy representantes del hospital de Dallas (Texas) en el que estaba hospitalizado. <\/p>\n<p>Duncan, natural de Liberia, se contagi\u00f3 con el virus en ese pa\u00eds y su enfermedad se le manifest\u00f3 estando en Estados Unidos, por lo que fue hospitalizado, y su estado hab\u00eda empeorado en los \u00faltimos d\u00edas. <\/p>\n<p>Duncan\u00a0fue enviado a casa luego de una primera visita a la sala de emergencias, pero regres\u00f3 al hospital 28 de septiembre y estuvo en aislamiento desde entonces.\u00a0 @nacionalFm <\/p>\n<p>\u00a0 <\/p>\n","protected":false},"excerpt":{"rendered":"<p>Thomas Eric Duncan, \u00a0primer paciente de \u00e9bola diagnosticado en Estados <a href=\"https:\/\/sertv.gob.pa\/nacionalfm\/muere-primer-paciente-de-ebola-diagnosticado-en-eu\/\"> [&#8230;]<\/a><\/p>\n","protected":false},"author":1,"featured_media":1915,"comment_status":"closed","ping_status":"closed","sticky":false,"template":"","format":"standard","meta":{"footnotes":""},"categories":[5],"tags":[],"class_list":["post-1914","post","type-post","status-publish","format-standard","has-post-thumbnail","hentry","category-salud"],"_links":{"self":[{"href":"https:\/\/sertv.gob.pa\/nacionalfm\/wp-json\/wp\/v2\/posts\/1914","targetHints":{"allow":["GET"]}}],"collection":[{"href":"https:\/\/sertv.gob.pa\/nacionalfm\/wp-json\/wp\/v2\/posts"}],"about":[{"href":"https:\/\/sertv.gob.pa\/nacionalfm\/wp-json\/wp\/v2\/types\/post"}],"author":[{"embeddable":true,"href":"https:\/\/sertv.gob.pa\/nacionalfm\/wp-json\/wp\/v2\/users\/1"}],"replies":[{"embeddable":true,"href":"https:\/\/sertv.gob.pa\/nacionalfm\/wp-json\/wp\/v2\/comments?post=1914"}],"version-history":[{"count":0,"href":"https:\/\/sertv.gob.pa\/nacionalfm\/wp-json\/wp\/v2\/posts\/1914\/revisions"}],"wp:featuredmedia":[{"embeddable":true,"href":"https:\/\/sertv.gob.pa\/nacionalfm\/wp-json\/wp\/v2\/media\/1915"}],"wp:attachment":[{"href":"https:\/\/sertv.gob.pa\/nacionalfm\/wp-json\/wp\/v2\/media?parent=1914"}],"wp:term":[{"taxonomy":"category","embeddable":true,"href":"https:\/\/sertv.gob.pa\/nacionalfm\/wp-json\/wp\/v2\/categories?post=1914"},{"taxonomy":"post_tag","embeddable":true,"href":"https:\/\/sertv.gob.pa\/nacionalfm\/wp-json\/wp\/v2\/tags?post=1914"}],"curies":[{"name":"wp","href":"https:\/\/api.w.org\/{rel}","templated":true}]}}