{"id":1916,"date":"2014-10-08T05:00:00","date_gmt":"2014-10-08T05:00:00","guid":{"rendered":""},"modified":"2014-10-08T05:00:00","modified_gmt":"2014-10-08T05:00:00","slug":"en-las-tablas-fallece-otro-paciente-por-contagio-del-virus-hanta","status":"publish","type":"post","link":"https:\/\/sertv.gob.pa\/nacionalfm\/en-las-tablas-fallece-otro-paciente-por-contagio-del-virus-hanta\/","title":{"rendered":"En Las Tablas fallece otro paciente por contagio del virus hanta"},"content":{"rendered":"<p>\nNahir Cede\u00f1o, directora regional de Salud dio a conocer de la segunda v\u00edctima fatal por contagio de virus hanta en la provincia de Los Santos, en 2014, aquejada por el s\u00edndrome cardiopulmonar por hanta (SCPH). <\/p>\n<p>El paciente, de 56 a\u00f1os de edad, proced\u00eda de la comunidad de La Cacica, corregimiento de El Bebedero, distrito de Tonos\u00ed, y su fallecimiento se produjo este lunes en horas de la noche, en la sala de cuidados intensivos del hospital Joaqu\u00edn Pablo Franco Sayas, de Las Tablas. <\/p>\n<p>La funcionaria indic\u00f3 que en Los Santos el distrito de Tonos\u00ed posee la mayor cantidad de casos, con 33 por fiebre de virus hanta y 19 por el SCPH.\u00a0 @nacionalFm <\/p>\n<p>\u00a0 <\/p>\n","protected":false},"excerpt":{"rendered":"<p>Nahir Cede\u00f1o, directora regional de Salud dio a conocer de <a href=\"https:\/\/sertv.gob.pa\/nacionalfm\/en-las-tablas-fallece-otro-paciente-por-contagio-del-virus-hanta\/\"> [&#8230;]<\/a><\/p>\n","protected":false},"author":1,"featured_media":1917,"comment_status":"closed","ping_status":"closed","sticky":false,"template":"","format":"standard","meta":{"footnotes":""},"categories":[5],"tags":[],"class_list":["post-1916","post","type-post","status-publish","format-standard","has-post-thumbnail","hentry","category-salud"],"_links":{"self":[{"href":"https:\/\/sertv.gob.pa\/nacionalfm\/wp-json\/wp\/v2\/posts\/1916","targetHints":{"allow":["GET"]}}],"collection":[{"href":"https:\/\/sertv.gob.pa\/nacionalfm\/wp-json\/wp\/v2\/posts"}],"about":[{"href":"https:\/\/sertv.gob.pa\/nacionalfm\/wp-json\/wp\/v2\/types\/post"}],"author":[{"embeddable":true,"href":"https:\/\/sertv.gob.pa\/nacionalfm\/wp-json\/wp\/v2\/users\/1"}],"replies":[{"embeddable":true,"href":"https:\/\/sertv.gob.pa\/nacionalfm\/wp-json\/wp\/v2\/comments?post=1916"}],"version-history":[{"count":0,"href":"https:\/\/sertv.gob.pa\/nacionalfm\/wp-json\/wp\/v2\/posts\/1916\/revisions"}],"wp:featuredmedia":[{"embeddable":true,"href":"https:\/\/sertv.gob.pa\/nacionalfm\/wp-json\/wp\/v2\/media\/1917"}],"wp:attachment":[{"href":"https:\/\/sertv.gob.pa\/nacionalfm\/wp-json\/wp\/v2\/media?parent=1916"}],"wp:term":[{"taxonomy":"category","embeddable":true,"href":"https:\/\/sertv.gob.pa\/nacionalfm\/wp-json\/wp\/v2\/categories?post=1916"},{"taxonomy":"post_tag","embeddable":true,"href":"https:\/\/sertv.gob.pa\/nacionalfm\/wp-json\/wp\/v2\/tags?post=1916"}],"curies":[{"name":"wp","href":"https:\/\/api.w.org\/{rel}","templated":true}]}}