{"id":19186,"date":"2017-03-21T18:43:41","date_gmt":"2017-03-21T18:43:41","guid":{"rendered":""},"modified":"2017-03-21T18:43:41","modified_gmt":"2017-03-21T18:43:41","slug":"colombia-exigira-carne-de-vacunacion-contra-fiebre-amarilla","status":"publish","type":"post","link":"https:\/\/sertv.gob.pa\/nacionalfm\/colombia-exigira-carne-de-vacunacion-contra-fiebre-amarilla\/","title":{"rendered":"Colombia exigir\u00e1 carn\u00e9 de vacunaci\u00f3n contra fiebre amarilla"},"content":{"rendered":"<p>\nEn el momento de comprar los tiquetes para viajar deber\u00e1 tener una consideraci\u00f3n extra:  el carn\u00e9 de vacunaci\u00f3n contra la fiebre amarilla.  As\u00ed lo manifestaron el Ministerio de Salud y la Aeron\u00e1utica Civil luego de analizar los posibles riesgos sobre la fiebre amarilla en el pa\u00eds y en el exterior. <\/p>\n<p>La medida atiende la alerta de la Organizaci\u00f3n Mundial de la Salud y de la Organizaci\u00f3n Panamericana de la Salud por el reporte de brotes en seis pa\u00edses, particularmente en Brasil, durante el \u00faltimo a\u00f1o. <\/p>\n<p>Por eso, ahora las  aerol\u00edneas tendr\u00e1n la obligaci\u00f3n de informar a los viajeros que se desplacen a zonas de riesgo de fiebre amarilla, en Colombia o en el exterior, que deben estar vacunados.  Y tambi\u00e9n, el  certificado de vacunaci\u00f3n les podr\u00e1 ser exigido al hacer &ldquo;check in&rdquo; o al abordar el vuelo.  <\/p>\n<p>Aunque en Colombia no se ha confirmado ning\u00fan caso de fiebre amarilla en 2017, el llamado es clave para reaccionar en caso de que se presente una emergencia. <\/p>\n<p> &ldquo;Una sola dosis de la vacuna es suficiente para tener protecci\u00f3n durante toda la vida&rdquo;,  asegur\u00f3 Diego Alejandro Garc\u00eda, subdirector de enfermedades transmisibles. Sin embargo, &ldquo;se debe tener presente que el  certificado solo es v\u00e1lido diez d\u00edas despu\u00e9s de que la vacuna haya sido aplicada&rdquo;,  asegur\u00f3 el experto.\u00a0 <\/p>\n<p>El Ministerio de Salud inform\u00f3 que disponen de puntos de vacunaci\u00f3n del Programa Ampliado de Inmunizaciones (PAI)\u00a0en todo el territorio nacional al que cualquier ciudadano puede acceder de manera gratuita. <\/p>\n<p>Seg\u00fan Garc\u00eda los departamentos que concentran el mayor riesgo son  Amazonas, Caquet\u00e1, Casanare, Choc\u00f3, Guain\u00eda, Guaviare, Meta, Putumayo, Vaup\u00e9s y Vichada.  En esos departamentos, la vacuna debe ser administrada a partir de los 12 meses de edad y en el resto del pa\u00eds desde\u00a0los 18 meses. <\/p>\n<p>Minsalud inform\u00f3 que a quienes ingresen, laboren o residan en las  zonas transitorias veredales deben estar vacunados contra la fiebre amarilla.\u00a0  <\/p>\n<p>As\u00ed mismo,  la vacuna no es recomendada a mayores de 60 a\u00f1os.  En estos casos, deben tenerse otras medidas de prevenci\u00f3n, como evitar el ingreso a zonas end\u00e9micas o tomar medidas de protecci\u00f3n. <\/p>\n<p>En el caso de viajeros internacionales menores de un a\u00f1o, que requieran entrar a un pa\u00eds que exige la vacunaci\u00f3n para el ingreso al pa\u00eds, se podr\u00e1 vacunar solamente con la evaluaci\u00f3n del pediatra y del Ministerio de Salud. <\/p>\n<p>\u00a0 <\/p>\n","protected":false},"excerpt":{"rendered":"<p>En el momento de comprar los tiquetes para viajar deber\u00e1 <a href=\"https:\/\/sertv.gob.pa\/nacionalfm\/colombia-exigira-carne-de-vacunacion-contra-fiebre-amarilla\/\"> [&#8230;]<\/a><\/p>\n","protected":false},"author":1,"featured_media":19187,"comment_status":"closed","ping_status":"closed","sticky":false,"template":"","format":"standard","meta":{"footnotes":""},"categories":[5],"tags":[],"class_list":["post-19186","post","type-post","status-publish","format-standard","has-post-thumbnail","hentry","category-salud"],"_links":{"self":[{"href":"https:\/\/sertv.gob.pa\/nacionalfm\/wp-json\/wp\/v2\/posts\/19186","targetHints":{"allow":["GET"]}}],"collection":[{"href":"https:\/\/sertv.gob.pa\/nacionalfm\/wp-json\/wp\/v2\/posts"}],"about":[{"href":"https:\/\/sertv.gob.pa\/nacionalfm\/wp-json\/wp\/v2\/types\/post"}],"author":[{"embeddable":true,"href":"https:\/\/sertv.gob.pa\/nacionalfm\/wp-json\/wp\/v2\/users\/1"}],"replies":[{"embeddable":true,"href":"https:\/\/sertv.gob.pa\/nacionalfm\/wp-json\/wp\/v2\/comments?post=19186"}],"version-history":[{"count":0,"href":"https:\/\/sertv.gob.pa\/nacionalfm\/wp-json\/wp\/v2\/posts\/19186\/revisions"}],"wp:featuredmedia":[{"embeddable":true,"href":"https:\/\/sertv.gob.pa\/nacionalfm\/wp-json\/wp\/v2\/media\/19187"}],"wp:attachment":[{"href":"https:\/\/sertv.gob.pa\/nacionalfm\/wp-json\/wp\/v2\/media?parent=19186"}],"wp:term":[{"taxonomy":"category","embeddable":true,"href":"https:\/\/sertv.gob.pa\/nacionalfm\/wp-json\/wp\/v2\/categories?post=19186"},{"taxonomy":"post_tag","embeddable":true,"href":"https:\/\/sertv.gob.pa\/nacionalfm\/wp-json\/wp\/v2\/tags?post=19186"}],"curies":[{"name":"wp","href":"https:\/\/api.w.org\/{rel}","templated":true}]}}