{"id":19268,"date":"2017-03-24T16:35:02","date_gmt":"2017-03-24T16:35:02","guid":{"rendered":""},"modified":"2017-03-24T16:35:02","modified_gmt":"2017-03-24T16:35:02","slug":"jornada-de-actualizacion-en-vacunas","status":"publish","type":"post","link":"https:\/\/sertv.gob.pa\/nacionalfm\/jornada-de-actualizacion-en-vacunas\/","title":{"rendered":"Jornada de Actualizaci\u00f3n en Vacunas"},"content":{"rendered":"<p>\nProfesionales de la salud\u00a0 (m\u00e9dicos, enfermeras\/os) del Ministerio de Salud (MINSA) y la Caja de Seguro Social (CSS) participan de la Jornada de Actualizaci\u00f3n en Vacunas, como pre\u00e1mbulo a la Semana de la Vacunaci\u00f3n de las Am\u00e9ricas que se realizar\u00e1 en el mes de abril. <\/p>\n<p>Entre los temas abordados durante el taller podemos destacar: Influenza: Generalidades de la enfermedad; Impacto de la Vacunaci\u00f3n contra la influenza usando vacunas cuadrivalentes; y Oportunidades de vacunaci\u00f3n en embarazadas y otros grupos. <\/p>\n<p>La jefa del Programa Ampliado de Inmunizaci\u00f3n (PAI) del MINSA, Itzel de Hewitt, se\u00f1al\u00f3 que como responsables de la vacunaci\u00f3n de la poblaci\u00f3n anualmente se realizan estas jornadas de actualizaci\u00f3n para que los profesionales tengan un conocimiento y puedan transmitirles a los pacientes los beneficios que conlleva el aplicarse las vacunas. <\/p>\n<p>Seg\u00fan la Jefa del PAI &ldquo;una poblaci\u00f3n sana es una poblaci\u00f3n productiva y ser productiva incrementa las expectativas de vida&rdquo;, por lo cual se trabaja para brindar una mayor cobertura y una mejor respuesta a la comunidad. <\/p>\n<p>Es importante mencionar que para el 2016, la cobertura de la vacunaci\u00f3n de la influenza abarc\u00f3 un 62% de la poblaci\u00f3n\u00a0 en todas las instalaciones de Salud del MINSA y la CSS. <\/p>\n<p>\u00a0 <\/p>\n","protected":false},"excerpt":{"rendered":"<p>Profesionales de la salud\u00a0 (m\u00e9dicos, enfermeras\/os) del Ministerio de Salud <a href=\"https:\/\/sertv.gob.pa\/nacionalfm\/jornada-de-actualizacion-en-vacunas\/\"> [&#8230;]<\/a><\/p>\n","protected":false},"author":1,"featured_media":19269,"comment_status":"closed","ping_status":"closed","sticky":false,"template":"","format":"standard","meta":{"footnotes":""},"categories":[5],"tags":[],"class_list":["post-19268","post","type-post","status-publish","format-standard","has-post-thumbnail","hentry","category-salud"],"_links":{"self":[{"href":"https:\/\/sertv.gob.pa\/nacionalfm\/wp-json\/wp\/v2\/posts\/19268","targetHints":{"allow":["GET"]}}],"collection":[{"href":"https:\/\/sertv.gob.pa\/nacionalfm\/wp-json\/wp\/v2\/posts"}],"about":[{"href":"https:\/\/sertv.gob.pa\/nacionalfm\/wp-json\/wp\/v2\/types\/post"}],"author":[{"embeddable":true,"href":"https:\/\/sertv.gob.pa\/nacionalfm\/wp-json\/wp\/v2\/users\/1"}],"replies":[{"embeddable":true,"href":"https:\/\/sertv.gob.pa\/nacionalfm\/wp-json\/wp\/v2\/comments?post=19268"}],"version-history":[{"count":0,"href":"https:\/\/sertv.gob.pa\/nacionalfm\/wp-json\/wp\/v2\/posts\/19268\/revisions"}],"wp:featuredmedia":[{"embeddable":true,"href":"https:\/\/sertv.gob.pa\/nacionalfm\/wp-json\/wp\/v2\/media\/19269"}],"wp:attachment":[{"href":"https:\/\/sertv.gob.pa\/nacionalfm\/wp-json\/wp\/v2\/media?parent=19268"}],"wp:term":[{"taxonomy":"category","embeddable":true,"href":"https:\/\/sertv.gob.pa\/nacionalfm\/wp-json\/wp\/v2\/categories?post=19268"},{"taxonomy":"post_tag","embeddable":true,"href":"https:\/\/sertv.gob.pa\/nacionalfm\/wp-json\/wp\/v2\/tags?post=19268"}],"curies":[{"name":"wp","href":"https:\/\/api.w.org\/{rel}","templated":true}]}}