{"id":19312,"date":"2017-03-27T18:14:21","date_gmt":"2017-03-27T18:14:21","guid":{"rendered":""},"modified":"2017-03-27T18:14:21","modified_gmt":"2017-03-27T18:14:21","slug":"el-pan-en-la-salud","status":"publish","type":"post","link":"https:\/\/sertv.gob.pa\/nacionalfm\/el-pan-en-la-salud\/","title":{"rendered":"El pan en la salud"},"content":{"rendered":"<p>\nEl consumo de pan aporta a nuestro organismo una gran variedad de nutrientes y nos proporciona energ\u00eda para estar activos a lo largo del d\u00eda. <\/p>\n<p>El no comer pan en busca de bienestar, sobre todo bajar de peso, es en realidad un mito, el cual es confrontado con \u00a0la ciencia; a continuaci\u00f3n te contamos algunos de sus beneficios: <\/p>\n<p>&#8211; Proporciona energ\u00eda : Debido a su alto contenido en hidratos de carbono el pan es de gran ayuda para el organismo al aportar la energ\u00eda para nuestro d\u00eda a d\u00eda. Para los deportistas es combustible, adem\u00e1s de que retrasa la fatiga. <\/p>\n<p>-Favorece la buena digesti\u00f3n: El pan se encuentra dentro del grupo de cereales y destaca por su alto contenido  en fibra que ayuda a mejorar el tr\u00e1nsito intestinal  y a tener una buena digesti\u00f3n. <\/p>\n<p>&#8211; Auxiliar para perder peso : El pan no solo no engorda sino que adem\u00e1s se recomienda su inclusi\u00f3n en dietas de adelgazamiento, seg\u00fan un estudio efectuado por el Hospital Universitario La Paz; el pan integral cuenta con un poder saciante, por lo que ayuda incluso en la p\u00e9rdida de peso al provocar una menor ingesta de otros alimentos. <\/p>\n<p>\u00a0 <\/p>\n","protected":false},"excerpt":{"rendered":"<p>El consumo de pan aporta a nuestro organismo una gran <a href=\"https:\/\/sertv.gob.pa\/nacionalfm\/el-pan-en-la-salud\/\"> [&#8230;]<\/a><\/p>\n","protected":false},"author":1,"featured_media":19313,"comment_status":"closed","ping_status":"closed","sticky":false,"template":"","format":"standard","meta":{"footnotes":""},"categories":[5],"tags":[],"class_list":["post-19312","post","type-post","status-publish","format-standard","has-post-thumbnail","hentry","category-salud"],"_links":{"self":[{"href":"https:\/\/sertv.gob.pa\/nacionalfm\/wp-json\/wp\/v2\/posts\/19312","targetHints":{"allow":["GET"]}}],"collection":[{"href":"https:\/\/sertv.gob.pa\/nacionalfm\/wp-json\/wp\/v2\/posts"}],"about":[{"href":"https:\/\/sertv.gob.pa\/nacionalfm\/wp-json\/wp\/v2\/types\/post"}],"author":[{"embeddable":true,"href":"https:\/\/sertv.gob.pa\/nacionalfm\/wp-json\/wp\/v2\/users\/1"}],"replies":[{"embeddable":true,"href":"https:\/\/sertv.gob.pa\/nacionalfm\/wp-json\/wp\/v2\/comments?post=19312"}],"version-history":[{"count":0,"href":"https:\/\/sertv.gob.pa\/nacionalfm\/wp-json\/wp\/v2\/posts\/19312\/revisions"}],"wp:featuredmedia":[{"embeddable":true,"href":"https:\/\/sertv.gob.pa\/nacionalfm\/wp-json\/wp\/v2\/media\/19313"}],"wp:attachment":[{"href":"https:\/\/sertv.gob.pa\/nacionalfm\/wp-json\/wp\/v2\/media?parent=19312"}],"wp:term":[{"taxonomy":"category","embeddable":true,"href":"https:\/\/sertv.gob.pa\/nacionalfm\/wp-json\/wp\/v2\/categories?post=19312"},{"taxonomy":"post_tag","embeddable":true,"href":"https:\/\/sertv.gob.pa\/nacionalfm\/wp-json\/wp\/v2\/tags?post=19312"}],"curies":[{"name":"wp","href":"https:\/\/api.w.org\/{rel}","templated":true}]}}