{"id":19314,"date":"2017-03-27T18:16:31","date_gmt":"2017-03-27T18:16:31","guid":{"rendered":""},"modified":"2017-03-27T18:16:31","modified_gmt":"2017-03-27T18:16:31","slug":"confirman-el-primer-deceso-por-hantavirus","status":"publish","type":"post","link":"https:\/\/sertv.gob.pa\/nacionalfm\/confirman-el-primer-deceso-por-hantavirus\/","title":{"rendered":"Confirman el primer deceso por Hantavirus"},"content":{"rendered":"<p>\nLa madrugada de este domingo se registr\u00f3 la primera defunci\u00f3n por Hantavirus en el hospital Gustavo Nelson Collado, de Chitr\u00e9, en la provincia de Herrera. <\/p>\n<p>La informaci\u00f3n fue confirmada por Samuel Gonz\u00e1lez, m\u00e9dico intensivista del mencionado nosocomio, quien inform\u00f3 que la condici\u00f3n del paciente se agudiz\u00f3 desde el pasado 23 de marzo y falleci\u00f3 a la 1:00 a.m. de este 26 de marzo. <\/p>\n<p>Se trata del joven Edwin Espino Soriano, de 27 a\u00f1os, oriundo de Pedas\u00ed, quien se hallaba en cuidados intensivos en el hospital Nelson Collado, de Herrera. <\/p>\n<p>Se inform\u00f3 que el paciente hab\u00eda ingresado el 15 de marzo al mencionado hospital y el 17 de marzo se confirm\u00f3 como positiva, la prueba por s\u00edndrome cardiopulmonar por Hantavirus. <\/p>\n<p>Espino Soriano trabajaba en el Municipio de Pedas\u00ed y era muy querido por los seguidores de la tuna de Calle Arriba de Pedas\u00ed. <\/p>\n<p>\u00a0 <\/p>\n<p>\u00a0 <\/p>\n","protected":false},"excerpt":{"rendered":"<p>La madrugada de este domingo se registr\u00f3 la primera defunci\u00f3n <a href=\"https:\/\/sertv.gob.pa\/nacionalfm\/confirman-el-primer-deceso-por-hantavirus\/\"> [&#8230;]<\/a><\/p>\n","protected":false},"author":1,"featured_media":19315,"comment_status":"closed","ping_status":"closed","sticky":false,"template":"","format":"standard","meta":{"footnotes":""},"categories":[5],"tags":[],"class_list":["post-19314","post","type-post","status-publish","format-standard","has-post-thumbnail","hentry","category-salud"],"_links":{"self":[{"href":"https:\/\/sertv.gob.pa\/nacionalfm\/wp-json\/wp\/v2\/posts\/19314","targetHints":{"allow":["GET"]}}],"collection":[{"href":"https:\/\/sertv.gob.pa\/nacionalfm\/wp-json\/wp\/v2\/posts"}],"about":[{"href":"https:\/\/sertv.gob.pa\/nacionalfm\/wp-json\/wp\/v2\/types\/post"}],"author":[{"embeddable":true,"href":"https:\/\/sertv.gob.pa\/nacionalfm\/wp-json\/wp\/v2\/users\/1"}],"replies":[{"embeddable":true,"href":"https:\/\/sertv.gob.pa\/nacionalfm\/wp-json\/wp\/v2\/comments?post=19314"}],"version-history":[{"count":0,"href":"https:\/\/sertv.gob.pa\/nacionalfm\/wp-json\/wp\/v2\/posts\/19314\/revisions"}],"wp:featuredmedia":[{"embeddable":true,"href":"https:\/\/sertv.gob.pa\/nacionalfm\/wp-json\/wp\/v2\/media\/19315"}],"wp:attachment":[{"href":"https:\/\/sertv.gob.pa\/nacionalfm\/wp-json\/wp\/v2\/media?parent=19314"}],"wp:term":[{"taxonomy":"category","embeddable":true,"href":"https:\/\/sertv.gob.pa\/nacionalfm\/wp-json\/wp\/v2\/categories?post=19314"},{"taxonomy":"post_tag","embeddable":true,"href":"https:\/\/sertv.gob.pa\/nacionalfm\/wp-json\/wp\/v2\/tags?post=19314"}],"curies":[{"name":"wp","href":"https:\/\/api.w.org\/{rel}","templated":true}]}}