{"id":19316,"date":"2017-03-27T18:19:09","date_gmt":"2017-03-27T18:19:09","guid":{"rendered":""},"modified":"2017-03-27T18:19:09","modified_gmt":"2017-03-27T18:19:09","slug":"colon-se-convierte-en-campeon-juvenil-en-softbol","status":"publish","type":"post","link":"https:\/\/sertv.gob.pa\/nacionalfm\/colon-se-convierte-en-campeon-juvenil-en-softbol\/","title":{"rendered":"Col\u00f3n se convierte en campe\u00f3n Juvenil en softbol"},"content":{"rendered":"<p>\nLa provincia de Col\u00f3n se coron\u00f3 campe\u00f3n del softbol al vencer a Chiriqu\u00ed por pizarra de 8-11, en los recientementes clausurados Juegos Juveniles Nacionales, celebrados en <\/p>\n<p>El bronce qued\u00f3 entonces para Herrera y la final se disputar\u00eda entre Chiriqu\u00ed y Col\u00f3n, imponi\u00e9ndose las de la Costa Atl\u00e1ntica por marcador 8-11. <\/p>\n<p>Por el equipo de Chiriqu\u00ed, que se qued\u00f3 con la medalla de plata, la lanzadora fue Cibeles Cede\u00f1o. <\/p>\n<p>Esta nueva medalla de oro, se suma a las ya conseguidas por el voleibol femenino, baloncesto y balonmano masculinos, para que la provincia de Col\u00f3n sume cuatro Oros en deportes de Conjunto. <\/p>\n<p>\u00a0 <\/p>\n","protected":false},"excerpt":{"rendered":"<p>La provincia de Col\u00f3n se coron\u00f3 campe\u00f3n del softbol al <a href=\"https:\/\/sertv.gob.pa\/nacionalfm\/colon-se-convierte-en-campeon-juvenil-en-softbol\/\"> [&#8230;]<\/a><\/p>\n","protected":false},"author":1,"featured_media":19317,"comment_status":"closed","ping_status":"closed","sticky":false,"template":"","format":"standard","meta":{"footnotes":""},"categories":[4],"tags":[],"class_list":["post-19316","post","type-post","status-publish","format-standard","has-post-thumbnail","hentry","category-deportes"],"_links":{"self":[{"href":"https:\/\/sertv.gob.pa\/nacionalfm\/wp-json\/wp\/v2\/posts\/19316","targetHints":{"allow":["GET"]}}],"collection":[{"href":"https:\/\/sertv.gob.pa\/nacionalfm\/wp-json\/wp\/v2\/posts"}],"about":[{"href":"https:\/\/sertv.gob.pa\/nacionalfm\/wp-json\/wp\/v2\/types\/post"}],"author":[{"embeddable":true,"href":"https:\/\/sertv.gob.pa\/nacionalfm\/wp-json\/wp\/v2\/users\/1"}],"replies":[{"embeddable":true,"href":"https:\/\/sertv.gob.pa\/nacionalfm\/wp-json\/wp\/v2\/comments?post=19316"}],"version-history":[{"count":0,"href":"https:\/\/sertv.gob.pa\/nacionalfm\/wp-json\/wp\/v2\/posts\/19316\/revisions"}],"wp:featuredmedia":[{"embeddable":true,"href":"https:\/\/sertv.gob.pa\/nacionalfm\/wp-json\/wp\/v2\/media\/19317"}],"wp:attachment":[{"href":"https:\/\/sertv.gob.pa\/nacionalfm\/wp-json\/wp\/v2\/media?parent=19316"}],"wp:term":[{"taxonomy":"category","embeddable":true,"href":"https:\/\/sertv.gob.pa\/nacionalfm\/wp-json\/wp\/v2\/categories?post=19316"},{"taxonomy":"post_tag","embeddable":true,"href":"https:\/\/sertv.gob.pa\/nacionalfm\/wp-json\/wp\/v2\/tags?post=19316"}],"curies":[{"name":"wp","href":"https:\/\/api.w.org\/{rel}","templated":true}]}}