{"id":19318,"date":"2017-03-27T19:00:03","date_gmt":"2017-03-27T19:00:03","guid":{"rendered":""},"modified":"2017-03-27T19:00:03","modified_gmt":"2017-03-27T19:00:03","slug":"panama-se-adjudica-6-medallas-de-oro-en-tenis-de-mesa","status":"publish","type":"post","link":"https:\/\/sertv.gob.pa\/nacionalfm\/panama-se-adjudica-6-medallas-de-oro-en-tenis-de-mesa\/","title":{"rendered":"Panam\u00e1 se adjudica 6 medallas de oro en Tenis de Mesa"},"content":{"rendered":"<p>\nSeis medallas de oro se adjudic\u00f3 la provincia de Panam\u00e1, para tomar el control del tenis de mesa en los V Juegos Juveniles Nacionales de Panam\u00e1 que se realiz\u00f3 en el gimnasio del Club de Leones del Mara\u00f1\u00f3n. <\/p>\n<p>Con los triunfos de los capitalinos Sof\u00eda Osorio y Jos\u00e9 Cachafeiro en individuales el tenis de mesa baj\u00f3 el tel\u00f3n de las competencias, demostrando el potencial de estos j\u00f3venes atletas que ahora se preparar\u00e1n para abanderar a Panam\u00e1 en los cert\u00e1menes internacionales, especialmente a nivel estudiantil. <\/p>\n<p>Osorio de 12 a\u00f1os y con apenas un a\u00f1o de estar practicando esta disciplina se constituy\u00f3 en la reina del tenis de mesa al ganar sin perder ni un set, las cuatro categor\u00edas que disput\u00f3, resumiendo su gran actuaci\u00f3n en esta justa con cuatro preseas doradas. <\/p>\n<p>Osorio adem\u00e1s del oro individual al vencer en la final a la tambi\u00e9n capitalina Elizabeth Velarde por parciales de 11-9, 11-8 y 11-9, tambi\u00e9n obtuvo los primeros lugares en dobles junto con Velarde, en mixtos en pareja con Cachafeiro y en equipo conformado por Velarde y Amy Ng. <\/p>\n<p>En tanto, Cachafeiro con 16 a\u00f1os y graduando del Instituto Atenea control\u00f3 en la final en tres sets al tambi\u00e9n capitalino Miguel Serrano por marcadores de 11-9, 11-8 y 11-6. Adem\u00e1s fue campe\u00f3n en dobles en dupla con su hermano David Barahona y la dorada en mixto junto a Osorio. <\/p>\n<p>La representaci\u00f3n de Panam\u00e1 en resumen se alz\u00f3 con seis medallas de oro, escap\u00e1ndosele s\u00f3lo la dorada en equipo masculino, que logr\u00f3 Herrera por medio de Jaime Morcillo, Andr\u00e9s Henr\u00edquez y Marco Moscoso. Los capitalinos tambi\u00e9n acumularon cinco de plata y dos de bronce. <\/p>\n<p>Herrera adem\u00e1s del oro por equipo, registr\u00f3 seis preseas de bronce y Col\u00f3n con dos plateadas y una bronceada. <\/p>\n","protected":false},"excerpt":{"rendered":"<p>Seis medallas de oro se adjudic\u00f3 la provincia de Panam\u00e1, <a href=\"https:\/\/sertv.gob.pa\/nacionalfm\/panama-se-adjudica-6-medallas-de-oro-en-tenis-de-mesa\/\"> [&#8230;]<\/a><\/p>\n","protected":false},"author":1,"featured_media":19319,"comment_status":"closed","ping_status":"closed","sticky":false,"template":"","format":"standard","meta":{"footnotes":""},"categories":[4],"tags":[],"class_list":["post-19318","post","type-post","status-publish","format-standard","has-post-thumbnail","hentry","category-deportes"],"_links":{"self":[{"href":"https:\/\/sertv.gob.pa\/nacionalfm\/wp-json\/wp\/v2\/posts\/19318","targetHints":{"allow":["GET"]}}],"collection":[{"href":"https:\/\/sertv.gob.pa\/nacionalfm\/wp-json\/wp\/v2\/posts"}],"about":[{"href":"https:\/\/sertv.gob.pa\/nacionalfm\/wp-json\/wp\/v2\/types\/post"}],"author":[{"embeddable":true,"href":"https:\/\/sertv.gob.pa\/nacionalfm\/wp-json\/wp\/v2\/users\/1"}],"replies":[{"embeddable":true,"href":"https:\/\/sertv.gob.pa\/nacionalfm\/wp-json\/wp\/v2\/comments?post=19318"}],"version-history":[{"count":0,"href":"https:\/\/sertv.gob.pa\/nacionalfm\/wp-json\/wp\/v2\/posts\/19318\/revisions"}],"wp:featuredmedia":[{"embeddable":true,"href":"https:\/\/sertv.gob.pa\/nacionalfm\/wp-json\/wp\/v2\/media\/19319"}],"wp:attachment":[{"href":"https:\/\/sertv.gob.pa\/nacionalfm\/wp-json\/wp\/v2\/media?parent=19318"}],"wp:term":[{"taxonomy":"category","embeddable":true,"href":"https:\/\/sertv.gob.pa\/nacionalfm\/wp-json\/wp\/v2\/categories?post=19318"},{"taxonomy":"post_tag","embeddable":true,"href":"https:\/\/sertv.gob.pa\/nacionalfm\/wp-json\/wp\/v2\/tags?post=19318"}],"curies":[{"name":"wp","href":"https:\/\/api.w.org\/{rel}","templated":true}]}}