{"id":1934,"date":"2014-10-08T05:00:00","date_gmt":"2014-10-08T05:00:00","guid":{"rendered":""},"modified":"2014-10-08T05:00:00","modified_gmt":"2014-10-08T05:00:00","slug":"registro-sanitario-de-jarabe-infantil-es-cancelado","status":"publish","type":"post","link":"https:\/\/sertv.gob.pa\/nacionalfm\/registro-sanitario-de-jarabe-infantil-es-cancelado\/","title":{"rendered":"Registro sanitario de jarabe infantil es cancelado"},"content":{"rendered":"<p>\nLa Direcci\u00f3n Nacional de Farmacias y Drogas del Ministerio de Salud anunci\u00f3 en rueda de prensa la cancelaci\u00f3n temporal del f\u00e1rmaco de origen sueco Phamaton Kiddi, tras de\u00a0 que el pasado 2 de octubre confirmaran irregularidades f\u00edsicas en su composici\u00f3n. <\/p>\n<p>&ldquo;Hemos decidido cancelar el registro sanitario para seguridad de todos. Queda prohibido vender este medicamento en Panam\u00e1&rdquo;, dijo Jenny Vergara, Directora de farmacias y drogas. <\/p>\n<p>Por otro lado, las autoridades sanitarias igualmente anunciaron la acci\u00f3n voluntaria de retiro de la Buscapina Compositum por parte de su laboratorio fabricante. <\/p>\n<p>&ldquo;Han detectado (el laboratorio) que el medicamento no resiste las condiciones climatol\u00f3gicas del pa\u00eds&rdquo;, explic\u00f3 Edgar Dom\u00ednguez, Jefe del departamento de farmacovigilancia. <\/p>\n<p>Ambos medicamentos no forman parte del cuadro b\u00e1sico de medicamentos suministrados por el MINSA. Su distribuci\u00f3n se efectuaba \u00fanicamente de manera privada. <\/p>\n<p>\u00a0 <\/p>\n","protected":false},"excerpt":{"rendered":"<p>La Direcci\u00f3n Nacional de Farmacias y Drogas del Ministerio de <a href=\"https:\/\/sertv.gob.pa\/nacionalfm\/registro-sanitario-de-jarabe-infantil-es-cancelado\/\"> [&#8230;]<\/a><\/p>\n","protected":false},"author":1,"featured_media":1935,"comment_status":"closed","ping_status":"closed","sticky":false,"template":"","format":"standard","meta":{"footnotes":""},"categories":[5],"tags":[],"class_list":["post-1934","post","type-post","status-publish","format-standard","has-post-thumbnail","hentry","category-salud"],"_links":{"self":[{"href":"https:\/\/sertv.gob.pa\/nacionalfm\/wp-json\/wp\/v2\/posts\/1934","targetHints":{"allow":["GET"]}}],"collection":[{"href":"https:\/\/sertv.gob.pa\/nacionalfm\/wp-json\/wp\/v2\/posts"}],"about":[{"href":"https:\/\/sertv.gob.pa\/nacionalfm\/wp-json\/wp\/v2\/types\/post"}],"author":[{"embeddable":true,"href":"https:\/\/sertv.gob.pa\/nacionalfm\/wp-json\/wp\/v2\/users\/1"}],"replies":[{"embeddable":true,"href":"https:\/\/sertv.gob.pa\/nacionalfm\/wp-json\/wp\/v2\/comments?post=1934"}],"version-history":[{"count":0,"href":"https:\/\/sertv.gob.pa\/nacionalfm\/wp-json\/wp\/v2\/posts\/1934\/revisions"}],"wp:featuredmedia":[{"embeddable":true,"href":"https:\/\/sertv.gob.pa\/nacionalfm\/wp-json\/wp\/v2\/media\/1935"}],"wp:attachment":[{"href":"https:\/\/sertv.gob.pa\/nacionalfm\/wp-json\/wp\/v2\/media?parent=1934"}],"wp:term":[{"taxonomy":"category","embeddable":true,"href":"https:\/\/sertv.gob.pa\/nacionalfm\/wp-json\/wp\/v2\/categories?post=1934"},{"taxonomy":"post_tag","embeddable":true,"href":"https:\/\/sertv.gob.pa\/nacionalfm\/wp-json\/wp\/v2\/tags?post=1934"}],"curies":[{"name":"wp","href":"https:\/\/api.w.org\/{rel}","templated":true}]}}