{"id":19346,"date":"2017-03-28T18:03:37","date_gmt":"2017-03-28T18:03:37","guid":{"rendered":""},"modified":"2017-03-28T18:03:37","modified_gmt":"2017-03-28T18:03:37","slug":"programa-de-salud-escolar-es-lanzado-en-san-miguelito","status":"publish","type":"post","link":"https:\/\/sertv.gob.pa\/nacionalfm\/programa-de-salud-escolar-es-lanzado-en-san-miguelito\/","title":{"rendered":"Programa de Salud  Escolar es lanzado en San Miguelito"},"content":{"rendered":"<p>\nLa Regi\u00f3n de Salud de San Miguelito llev\u00f3 a cabo \u00a0el lanzamiento del Programa \u00a0de Salud Escolar 2017, en el Centro Educativo B\u00e1sico General \u00a0Jos\u00e9 de San Mart\u00edn, localizado en este distrito. <\/p>\n<p>El director de la Regi\u00f3n de Salud de San Miguelito, Juan Biebarach, indic\u00f3 que en este plantel se beneficiar\u00e1n unos 985 estudiantes \u00a0que cursan estudios en k\u00ednder, primer y VI grado. <\/p>\n<p>Se\u00f1al\u00f3 que este a\u00f1o ingresar\u00e1n a este programa unos 19 mil \u00a0estudiantes, \u00a0que cursan estudios en 31 escuelas primarias en este distrito. <\/p>\n<p>Explic\u00f3 que el Programa de Salud Escolar consiste en detectar oportunamente los problemas que pudieran presentar la poblaci\u00f3n estudiantil y que puedan interferir con su desarrollo y rendimiento escolar. <\/p>\n<p>Es decir, &ldquo;se lleva un control de crecimiento del estudiante, \u00a0de \u00a0su salud bucal y se realizan actividades preventivas promocionales e, igualmente, que ellos&mdash;los estudiantes&#8211; aprendan a cuidar de su salud y de su entorno con la orientaci\u00f3n del personal de salud, de sus padres y de sus educadores&rdquo;, subray\u00f3. <\/p>\n<p>Igualmente \u00a0este programa \u00a0incluye la inspecci\u00f3n de las condiciones sanitarias de los edificios escolares, \u00a0jornadas de fumigaci\u00f3n para evitar la proliferaci\u00f3n de mosquitos e inspecci\u00f3n de los kioscos y comedores, para verificar la calidad \u00a0de los alimentos que ingieren los educandos. <\/p>\n<p>\u00a0 <\/p>\n","protected":false},"excerpt":{"rendered":"<p>La Regi\u00f3n de Salud de San Miguelito llev\u00f3 a cabo <a href=\"https:\/\/sertv.gob.pa\/nacionalfm\/programa-de-salud-escolar-es-lanzado-en-san-miguelito\/\"> [&#8230;]<\/a><\/p>\n","protected":false},"author":1,"featured_media":19347,"comment_status":"closed","ping_status":"closed","sticky":false,"template":"","format":"standard","meta":{"footnotes":""},"categories":[5],"tags":[],"class_list":["post-19346","post","type-post","status-publish","format-standard","has-post-thumbnail","hentry","category-salud"],"_links":{"self":[{"href":"https:\/\/sertv.gob.pa\/nacionalfm\/wp-json\/wp\/v2\/posts\/19346","targetHints":{"allow":["GET"]}}],"collection":[{"href":"https:\/\/sertv.gob.pa\/nacionalfm\/wp-json\/wp\/v2\/posts"}],"about":[{"href":"https:\/\/sertv.gob.pa\/nacionalfm\/wp-json\/wp\/v2\/types\/post"}],"author":[{"embeddable":true,"href":"https:\/\/sertv.gob.pa\/nacionalfm\/wp-json\/wp\/v2\/users\/1"}],"replies":[{"embeddable":true,"href":"https:\/\/sertv.gob.pa\/nacionalfm\/wp-json\/wp\/v2\/comments?post=19346"}],"version-history":[{"count":0,"href":"https:\/\/sertv.gob.pa\/nacionalfm\/wp-json\/wp\/v2\/posts\/19346\/revisions"}],"wp:featuredmedia":[{"embeddable":true,"href":"https:\/\/sertv.gob.pa\/nacionalfm\/wp-json\/wp\/v2\/media\/19347"}],"wp:attachment":[{"href":"https:\/\/sertv.gob.pa\/nacionalfm\/wp-json\/wp\/v2\/media?parent=19346"}],"wp:term":[{"taxonomy":"category","embeddable":true,"href":"https:\/\/sertv.gob.pa\/nacionalfm\/wp-json\/wp\/v2\/categories?post=19346"},{"taxonomy":"post_tag","embeddable":true,"href":"https:\/\/sertv.gob.pa\/nacionalfm\/wp-json\/wp\/v2\/tags?post=19346"}],"curies":[{"name":"wp","href":"https:\/\/api.w.org\/{rel}","templated":true}]}}