{"id":19372,"date":"2017-03-29T15:37:16","date_gmt":"2017-03-29T15:37:16","guid":{"rendered":""},"modified":"2017-03-29T15:37:16","modified_gmt":"2017-03-29T15:37:16","slug":"13-alteraciones-geneticas-incrementan-riesgo-de-cancer-cerebral","status":"publish","type":"post","link":"https:\/\/sertv.gob.pa\/nacionalfm\/13-alteraciones-geneticas-incrementan-riesgo-de-cancer-cerebral\/","title":{"rendered":"13 alteraciones gen\u00e9ticas incrementan riesgo de c\u00e1ncer cerebral"},"content":{"rendered":"<p>\nUn estudio publicado en la revista brit\u00e1nica Nature revel\u00f3 trece tipos de alteraciones gen\u00e9ticas, desconocidas hasta el momento, que aumentan el peligro de desarrollar un glioma, la forma m\u00e1s habitual de c\u00e1ncer cerebral. <\/p>\n<p>La investigaci\u00f3n, realizada por cient\u00edficos del Instituto de Investigaci\u00f3n del C\u00e1ncer de Londres, en colaboraci\u00f3n con cient\u00edficos europeos y estadounidenses, es la mayor efectuada \u00a0sobre la enfermedad, con m\u00e1s de 30.000 personas analizadas. <\/p>\n<p>Los expertos estudiaron el ADN de estas personas, algunas enfermas y otras no, para buscar alteraciones heredadas por los padres que aumentaran el riesgo de padecer c\u00e1ncer de cerebro. As\u00ed, descubrieron que 13 errores gen\u00e9ticos, no detectados antes, incrementan el peligro de desarrollar un glioma en, al menos, un 15 %. <\/p>\n<p>Un 40 % de todos los tumores cerebrales son gliomas y actualmente no existe ninguna forma de detecci\u00f3n temprana y los tratamientos no son particularmente efectivos. <\/p>\n<p>Por ello, los investigadores ensalzaron sus averiguaciones ya que toda la nueva informaci\u00f3n encontrada podr\u00eda ayudar en el futuro a los m\u00e9dicos a evaluar el riesgo y diagnosticar antes la enfermedad. <\/p>\n<p>Esas trece alteraciones gen\u00e9ticas afectan a una variedad de funciones celulares, como la divisi\u00f3n celular, la reparaci\u00f3n del ADN, el ciclo celular, la producci\u00f3n de prote\u00edna o la inflamaci\u00f3n. <\/p>\n<p>\u00a0 <\/p>\n<p>El profesor del Instituto de Investigaci\u00f3n del C\u00e1ncer de Londres y coautor del estudio Richard Houlston reconoci\u00f3 que hab\u00eda sido \u00abemocionante\u00bb trabajar en una investigaci\u00f3n de estas dimensiones \u00abincluyendo casos de c\u00e1ncer cerebral de todo el mundo\u00bb. <\/p>\n<p>\u00a0 <\/p>\n<p>\u00abHemos descubierto un tesoro en informaci\u00f3n sobre las causas gen\u00e9ticas que ocasionan el glioma de un c\u00e1ncer cerebral\u00bb, afirm\u00f3. <\/p>\n<p>\u00a0 <\/p>\n<p>\u00a0 <\/p>\n","protected":false},"excerpt":{"rendered":"<p>Un estudio publicado en la revista brit\u00e1nica Nature revel\u00f3 trece <a href=\"https:\/\/sertv.gob.pa\/nacionalfm\/13-alteraciones-geneticas-incrementan-riesgo-de-cancer-cerebral\/\"> [&#8230;]<\/a><\/p>\n","protected":false},"author":1,"featured_media":19373,"comment_status":"closed","ping_status":"closed","sticky":false,"template":"","format":"standard","meta":{"footnotes":""},"categories":[5],"tags":[],"class_list":["post-19372","post","type-post","status-publish","format-standard","has-post-thumbnail","hentry","category-salud"],"_links":{"self":[{"href":"https:\/\/sertv.gob.pa\/nacionalfm\/wp-json\/wp\/v2\/posts\/19372","targetHints":{"allow":["GET"]}}],"collection":[{"href":"https:\/\/sertv.gob.pa\/nacionalfm\/wp-json\/wp\/v2\/posts"}],"about":[{"href":"https:\/\/sertv.gob.pa\/nacionalfm\/wp-json\/wp\/v2\/types\/post"}],"author":[{"embeddable":true,"href":"https:\/\/sertv.gob.pa\/nacionalfm\/wp-json\/wp\/v2\/users\/1"}],"replies":[{"embeddable":true,"href":"https:\/\/sertv.gob.pa\/nacionalfm\/wp-json\/wp\/v2\/comments?post=19372"}],"version-history":[{"count":0,"href":"https:\/\/sertv.gob.pa\/nacionalfm\/wp-json\/wp\/v2\/posts\/19372\/revisions"}],"wp:featuredmedia":[{"embeddable":true,"href":"https:\/\/sertv.gob.pa\/nacionalfm\/wp-json\/wp\/v2\/media\/19373"}],"wp:attachment":[{"href":"https:\/\/sertv.gob.pa\/nacionalfm\/wp-json\/wp\/v2\/media?parent=19372"}],"wp:term":[{"taxonomy":"category","embeddable":true,"href":"https:\/\/sertv.gob.pa\/nacionalfm\/wp-json\/wp\/v2\/categories?post=19372"},{"taxonomy":"post_tag","embeddable":true,"href":"https:\/\/sertv.gob.pa\/nacionalfm\/wp-json\/wp\/v2\/tags?post=19372"}],"curies":[{"name":"wp","href":"https:\/\/api.w.org\/{rel}","templated":true}]}}