{"id":19384,"date":"2017-03-29T18:03:20","date_gmt":"2017-03-29T18:03:20","guid":{"rendered":""},"modified":"2017-03-29T18:03:20","modified_gmt":"2017-03-29T18:03:20","slug":"oms-busca-disminuir-al-50-en-5-anos-errores-en-medicacion","status":"publish","type":"post","link":"https:\/\/sertv.gob.pa\/nacionalfm\/oms-busca-disminuir-al-50-en-5-anos-errores-en-medicacion\/","title":{"rendered":"OMS busca disminuir al 50% en 5 a\u00f1os errores en medicaci\u00f3n"},"content":{"rendered":"<p>\nLa Organizaci\u00f3n Mundial de la Salud (OMS) present\u00f3 una iniciativa global con el fin de reducir en un plazo de 5 a\u00f1os a la mitad los da\u00f1os ocasionados por errores de medicaci\u00f3n en todos los pa\u00edses. <\/p>\n<p>El desaf\u00edo \u00abSeguridad global del paciente, seguridad en la medicaci\u00f3n\u00bb pretende corregir las debilidades en los sistemas sanitarios que conducen a errores de tratamiento farmacol\u00f3gico y, como resultado, a graves da\u00f1os en la salud. <\/p>\n<p>Tanto los trabajadores sanitarios como los pacientes pueden cometer errores como mandar, prescribir, dispensar, preparar, administrar o consumir el medicamento equivocado o la dosis err\u00f3nea en el momento equivocado. <\/p>\n<p>La OMS describe v\u00edas para mejorar la forma en que se prescriben, se distribuyen y se consumen los f\u00e1rmacos y sensibiliza a los pacientes sobre los riesgos asociados al uso inadecuado de los mismos, seg\u00fan un comunicado. <\/p>\n<p>Los errores de medicaci\u00f3n causan al menos una muerte al d\u00eda y provocan da\u00f1os a aproximadamente 1,3 millones de personas cada a\u00f1o solo en Estados Unidos, afirma la OMS. Si bien se estima que los pa\u00edses con ingresos bajos y medios presentan tasas similares de casos adversos relacionados con la medicaci\u00f3n a las de aquellos con ingresos altos, el impacto es aproximadamente el doble en t\u00e9rminos del n\u00famero de a\u00f1os de vida saludable perdidos. <\/p>\n<p>A nivel mundial, el coste asociado con errores de medicaci\u00f3n se ha estimado en 42.000 millones de d\u00f3lares anualmente (38.699 millones de euros), casi el 1 % del gasto sanitario global. \u00abTodos esperamos que, cuando tomamos medicamentos \u00e9stos nos ayuden y no nos da\u00f1en\u00bb, se\u00f1al\u00f3 la directora general de la OMS, Margaret Chan, citada en la nota. <\/p>\n<p>Agreg\u00f3 que, \u00abadem\u00e1s del coste humano, los errores de medicaci\u00f3n suponen una presi\u00f3n enorme e innecesaria sobre los presupuestos de salud. Prevenir los errores ahorra dinero y salva vidas\u00bb. <\/p>\n<p>\u00a0 <\/p>\n","protected":false},"excerpt":{"rendered":"<p>La Organizaci\u00f3n Mundial de la Salud (OMS) present\u00f3 una iniciativa <a href=\"https:\/\/sertv.gob.pa\/nacionalfm\/oms-busca-disminuir-al-50-en-5-anos-errores-en-medicacion\/\"> [&#8230;]<\/a><\/p>\n","protected":false},"author":1,"featured_media":19385,"comment_status":"closed","ping_status":"closed","sticky":false,"template":"","format":"standard","meta":{"footnotes":""},"categories":[5],"tags":[],"class_list":["post-19384","post","type-post","status-publish","format-standard","has-post-thumbnail","hentry","category-salud"],"_links":{"self":[{"href":"https:\/\/sertv.gob.pa\/nacionalfm\/wp-json\/wp\/v2\/posts\/19384","targetHints":{"allow":["GET"]}}],"collection":[{"href":"https:\/\/sertv.gob.pa\/nacionalfm\/wp-json\/wp\/v2\/posts"}],"about":[{"href":"https:\/\/sertv.gob.pa\/nacionalfm\/wp-json\/wp\/v2\/types\/post"}],"author":[{"embeddable":true,"href":"https:\/\/sertv.gob.pa\/nacionalfm\/wp-json\/wp\/v2\/users\/1"}],"replies":[{"embeddable":true,"href":"https:\/\/sertv.gob.pa\/nacionalfm\/wp-json\/wp\/v2\/comments?post=19384"}],"version-history":[{"count":0,"href":"https:\/\/sertv.gob.pa\/nacionalfm\/wp-json\/wp\/v2\/posts\/19384\/revisions"}],"wp:featuredmedia":[{"embeddable":true,"href":"https:\/\/sertv.gob.pa\/nacionalfm\/wp-json\/wp\/v2\/media\/19385"}],"wp:attachment":[{"href":"https:\/\/sertv.gob.pa\/nacionalfm\/wp-json\/wp\/v2\/media?parent=19384"}],"wp:term":[{"taxonomy":"category","embeddable":true,"href":"https:\/\/sertv.gob.pa\/nacionalfm\/wp-json\/wp\/v2\/categories?post=19384"},{"taxonomy":"post_tag","embeddable":true,"href":"https:\/\/sertv.gob.pa\/nacionalfm\/wp-json\/wp\/v2\/tags?post=19384"}],"curies":[{"name":"wp","href":"https:\/\/api.w.org\/{rel}","templated":true}]}}