{"id":19414,"date":"2017-03-30T18:03:27","date_gmt":"2017-03-30T18:03:27","guid":{"rendered":""},"modified":"2017-03-30T18:03:27","modified_gmt":"2017-03-30T18:03:27","slug":"epilepsia-y-sus-avances","status":"publish","type":"post","link":"https:\/\/sertv.gob.pa\/nacionalfm\/epilepsia-y-sus-avances\/","title":{"rendered":"Epilepsia y sus avances"},"content":{"rendered":"<p>\nEn alg\u00fan momento de nuestras vidas nos hemos encontrado con alguna persona, sea ni\u00f1o, adolescente o un adulto, que haya pasado por una crisis convulsiva no provocada, lo que conocemos hoy como epilepsia, un trastorno neurol\u00f3gico cr\u00f3nico que surge a ra\u00edz de descargas el\u00e9ctricas excesivas de un grupos de c\u00e9lulas del cerebro. Es una enfermedad que afecta a millones de personas en el mundo incluyendo unos 60 mil paname\u00f1os, seg\u00fan cifras del Ministerio de Salud. <\/p>\n<p>Por otro lado, un informe sobre la epilepsia en Latinoam\u00e9rica efectuado por la Organizaci\u00f3n Mundial de la Salud indica que la prevalencia de casos de epilepsia en el pa\u00eds es de 57 por cada 1000 personas, lo que posiciona a Panam\u00e1 como uno de los pa\u00edses latinoamericanos con m\u00e1s casos de esta condici\u00f3n. <\/p>\n<p>El neur\u00f3logo Gustavo Fischbein, durante una visita a Panam\u00e1, explic\u00f3 que se trata de una enfermedad que ha acompa\u00f1ado a la humanidad occidental por milenios y est\u00e1 muy estigmatizada a tal punto que muchas personas han llegado a pensar que es una enfermedad divina, sobre todo, cuando las crisis vienen acompa\u00f1adas de trastornos psiqui\u00e1tricos. <\/p>\n<p>En las \u00faltimas d\u00e9cadas se han desarrollado nuevos medicamentos que han permitido un mejor control de las crisis con perfiles de seguridad mucho mejores que los iniciales. Adem\u00e1s asegura que se han dado muchos avances en las metodolog\u00edas de estudios e incluso se han desarrollado algunas t\u00e9cnicas quir\u00fargicas para epilepsias muy complejas que no responden a la polifarmacia convencional. <\/p>\n<p>Con el fin de generar conciencia respecto a esta enfermedad cerebral, el pasado 26 de marzo se celebr\u00f3 el D\u00eda Mundial de la Epilepsia igualmente llamado el &lsquo;D\u00eda P\u00farpura&#8217; que surgi\u00f3 en 2008 a ra\u00edz de la iniciativa de Cassidy Megan, una ni\u00f1a canadiense de nueve a\u00f1os, que hizo un llamado para sensibilizar acerca de esta enfermedad, con la intenci\u00f3n de que todas las personas con epilepsia en el mundo sepan que no est\u00e1n solas. Desde entonces, la comunidad m\u00e9dica internacional lleva a cabo actividades con el prop\u00f3sito de informar sobre este padecimiento y acabar con los mitos que le rodean. <\/p>\n<p>\u00a0 <\/p>\n","protected":false},"excerpt":{"rendered":"<p>En alg\u00fan momento de nuestras vidas nos hemos encontrado con <a href=\"https:\/\/sertv.gob.pa\/nacionalfm\/epilepsia-y-sus-avances\/\"> [&#8230;]<\/a><\/p>\n","protected":false},"author":1,"featured_media":19415,"comment_status":"closed","ping_status":"closed","sticky":false,"template":"","format":"standard","meta":{"footnotes":""},"categories":[5],"tags":[],"class_list":["post-19414","post","type-post","status-publish","format-standard","has-post-thumbnail","hentry","category-salud"],"_links":{"self":[{"href":"https:\/\/sertv.gob.pa\/nacionalfm\/wp-json\/wp\/v2\/posts\/19414","targetHints":{"allow":["GET"]}}],"collection":[{"href":"https:\/\/sertv.gob.pa\/nacionalfm\/wp-json\/wp\/v2\/posts"}],"about":[{"href":"https:\/\/sertv.gob.pa\/nacionalfm\/wp-json\/wp\/v2\/types\/post"}],"author":[{"embeddable":true,"href":"https:\/\/sertv.gob.pa\/nacionalfm\/wp-json\/wp\/v2\/users\/1"}],"replies":[{"embeddable":true,"href":"https:\/\/sertv.gob.pa\/nacionalfm\/wp-json\/wp\/v2\/comments?post=19414"}],"version-history":[{"count":0,"href":"https:\/\/sertv.gob.pa\/nacionalfm\/wp-json\/wp\/v2\/posts\/19414\/revisions"}],"wp:featuredmedia":[{"embeddable":true,"href":"https:\/\/sertv.gob.pa\/nacionalfm\/wp-json\/wp\/v2\/media\/19415"}],"wp:attachment":[{"href":"https:\/\/sertv.gob.pa\/nacionalfm\/wp-json\/wp\/v2\/media?parent=19414"}],"wp:term":[{"taxonomy":"category","embeddable":true,"href":"https:\/\/sertv.gob.pa\/nacionalfm\/wp-json\/wp\/v2\/categories?post=19414"},{"taxonomy":"post_tag","embeddable":true,"href":"https:\/\/sertv.gob.pa\/nacionalfm\/wp-json\/wp\/v2\/tags?post=19414"}],"curies":[{"name":"wp","href":"https:\/\/api.w.org\/{rel}","templated":true}]}}