{"id":19418,"date":"2017-03-30T18:16:52","date_gmt":"2017-03-30T18:16:52","guid":{"rendered":""},"modified":"2017-03-30T18:16:52","modified_gmt":"2017-03-30T18:16:52","slug":"cancer-bucal-y-sus-causas","status":"publish","type":"post","link":"https:\/\/sertv.gob.pa\/nacionalfm\/cancer-bucal-y-sus-causas\/","title":{"rendered":"C\u00e1ncer bucal y sus causas"},"content":{"rendered":"<p>\nUn grupo interdisciplinario encabezado por el Ministerio de Salud de Panam\u00e1 (Minsa), realiza el primer estudio sobre c\u00e1ncer bucal del pa\u00eds. <\/p>\n<p>El prop\u00f3sito del proyecto &mdash;en el que participa el Instituto Conmemorativo Gorgas de Estudios de la Salud (ICGES)&mdash; es efectuar un diagn\u00f3stico y una campa\u00f1a de prevenci\u00f3n sobre este c\u00e1ncer en la capital, San Miguelito y Panam\u00e1 Oeste. <\/p>\n<p>Seg\u00fan la odont\u00f3loga Lourdes L\u00f3pez, del Departamento de Investigaci\u00f3n de Sistemas de Salud, Ambiente y Sociedad del ICGES, el c\u00e1ncer bucal es una enfermedad que est\u00e1 apareciendo cada vez m\u00e1s en Panam\u00e1 y se tiene poca informaci\u00f3n sobre \u00e9sta. <\/p>\n<p>La doctora L\u00f3pez menciona que el c\u00e1ncer bucal es causado debido a los malos h\u00e1bitos de vida. <\/p>\n<p>Entre los principales culpables est\u00e1 el tabaquismo. De hecho, gracias a las leyes antitabaco que rigen en el pa\u00eds el estudio de c\u00e1ncer bucal en Panam\u00e1 se est\u00e1 financiando con los impuestos recaudados por ventas de cigarrillo. <\/p>\n<p>El c\u00e1ncer bucal igualmente est\u00e1 asociado a consumir sustancias alcoh\u00f3licas y la actividad sexual. <\/p>\n<p>Sobre esto \u00faltimo, las odont\u00f3logas mencionan que el Virus del Papiloma Humano (VPH) es uno de los factores que est\u00e1 relacionado con el c\u00e1ncer bucal, por las conductas sexuales. <\/p>\n<p>&lsquo;Se hizo un estudio (ICGES, 2009) y se piensa que el factor 16 y 52 del VPH son los que est\u00e1n m\u00e1s relacionados con el c\u00e1ncer orofaringe&lsquo;, concluye la doctora de L\u00f3pez. <\/p>\n<p>\u00a0 <\/p>\n","protected":false},"excerpt":{"rendered":"<p>Un grupo interdisciplinario encabezado por el Ministerio de Salud de <a href=\"https:\/\/sertv.gob.pa\/nacionalfm\/cancer-bucal-y-sus-causas\/\"> [&#8230;]<\/a><\/p>\n","protected":false},"author":1,"featured_media":19419,"comment_status":"closed","ping_status":"closed","sticky":false,"template":"","format":"standard","meta":{"footnotes":""},"categories":[5],"tags":[],"class_list":["post-19418","post","type-post","status-publish","format-standard","has-post-thumbnail","hentry","category-salud"],"_links":{"self":[{"href":"https:\/\/sertv.gob.pa\/nacionalfm\/wp-json\/wp\/v2\/posts\/19418","targetHints":{"allow":["GET"]}}],"collection":[{"href":"https:\/\/sertv.gob.pa\/nacionalfm\/wp-json\/wp\/v2\/posts"}],"about":[{"href":"https:\/\/sertv.gob.pa\/nacionalfm\/wp-json\/wp\/v2\/types\/post"}],"author":[{"embeddable":true,"href":"https:\/\/sertv.gob.pa\/nacionalfm\/wp-json\/wp\/v2\/users\/1"}],"replies":[{"embeddable":true,"href":"https:\/\/sertv.gob.pa\/nacionalfm\/wp-json\/wp\/v2\/comments?post=19418"}],"version-history":[{"count":0,"href":"https:\/\/sertv.gob.pa\/nacionalfm\/wp-json\/wp\/v2\/posts\/19418\/revisions"}],"wp:featuredmedia":[{"embeddable":true,"href":"https:\/\/sertv.gob.pa\/nacionalfm\/wp-json\/wp\/v2\/media\/19419"}],"wp:attachment":[{"href":"https:\/\/sertv.gob.pa\/nacionalfm\/wp-json\/wp\/v2\/media?parent=19418"}],"wp:term":[{"taxonomy":"category","embeddable":true,"href":"https:\/\/sertv.gob.pa\/nacionalfm\/wp-json\/wp\/v2\/categories?post=19418"},{"taxonomy":"post_tag","embeddable":true,"href":"https:\/\/sertv.gob.pa\/nacionalfm\/wp-json\/wp\/v2\/tags?post=19418"}],"curies":[{"name":"wp","href":"https:\/\/api.w.org\/{rel}","templated":true}]}}