{"id":19428,"date":"2017-03-31T15:28:09","date_gmt":"2017-03-31T15:28:09","guid":{"rendered":""},"modified":"2017-03-31T15:28:09","modified_gmt":"2017-03-31T15:28:09","slug":"alertan-a-la-poblacion-ante-posibles-sintomas-de-rickettiosis","status":"publish","type":"post","link":"https:\/\/sertv.gob.pa\/nacionalfm\/alertan-a-la-poblacion-ante-posibles-sintomas-de-rickettiosis\/","title":{"rendered":"Alertan a la poblaci\u00f3n ante posibles s\u00edntomas de rickettiosis"},"content":{"rendered":"<p>\nLuego de que se registrara el fallecimiento de dos menores de edad producto de la bacteria rickettiosis, una enfermedad que transmiten las garrapatas, las autoridades de salud le hacen un llamado a la poblaci\u00f3n para que est\u00e9 pendiente de los posibles s\u00edntomas de este virus.\u00a0 <\/p>\n<p>Entre los que destacan: fiebre alta, dolor de cabeza, escalofr\u00edo, erupciones cut\u00e1neas que se le pudieran reflejar a una persona, etc., esto luego de tener alg\u00fan tipo de contacto con garrapatas. <\/p>\n<p>Ante la incertidumbre que ha surgido en el pa\u00eds por la muerte de \u00a0estos dos menores, la directora general de Salud del Minsa, Itza Barahona de Mosca expres\u00f3 que la mejor forma de combatir este tipo de bacterias es la prevenci\u00f3n y acudir al m\u00e9dico si presenta alguno de los s\u00edntomas antes mencionados. <\/p>\n<p>A juicio de Mosca, el diagn\u00f3stico de esta bacteria no es nada f\u00e1cil por el ambiente tropical de Panam\u00e1 en donde se tienen tanto tipo de virus. <\/p>\n<p>Seg\u00fan Barahona de Mosca esta bacteria es transmitida a trav\u00e9s de garrapatas que afectan a mascotas dom\u00e9sticas y al ganado. <\/p>\n<p>Ante esto recomend\u00f3 tanto a las personas que viven en ambiente rural como urbano a tomar las medidas higi\u00e9nicas necesarias para evitar el contacto con las garrapatas. <\/p>\n<p>&ldquo;La aparici\u00f3n de la rickettiosis nos lleva a tener una tenencia responsable de las mascotas, las cuales se deben tener de la manera m\u00e1s higi\u00e9nica&rdquo; dijo la directora general de Salud del Minsa. <\/p>\n<p>La rickettiosis no es una enfermedad nueva en Panam\u00e1, ya que se tiene registros hist\u00f3ricos de su aparici\u00f3n en el pa\u00eds \u00a0desde 1950. <\/p>\n<p>Las v\u00edctimas \u00a0por esta afectaci\u00f3n fueron un ni\u00f1o de 8 a\u00f1os de edad, residente en La Reforma, en el Valle de Ant\u00f3n, \u00a0provincia Cocl\u00e9 y de \u00a0un adolescente de 15 a\u00f1os que viv\u00eda en \u00a0Juan D\u00edaz.\u00a0 <\/p>\n<p>\u00a0 <\/p>\n","protected":false},"excerpt":{"rendered":"<p>Luego de que se registrara el fallecimiento de dos menores <a href=\"https:\/\/sertv.gob.pa\/nacionalfm\/alertan-a-la-poblacion-ante-posibles-sintomas-de-rickettiosis\/\"> [&#8230;]<\/a><\/p>\n","protected":false},"author":1,"featured_media":19429,"comment_status":"closed","ping_status":"closed","sticky":false,"template":"","format":"standard","meta":{"footnotes":""},"categories":[5],"tags":[],"class_list":["post-19428","post","type-post","status-publish","format-standard","has-post-thumbnail","hentry","category-salud"],"_links":{"self":[{"href":"https:\/\/sertv.gob.pa\/nacionalfm\/wp-json\/wp\/v2\/posts\/19428","targetHints":{"allow":["GET"]}}],"collection":[{"href":"https:\/\/sertv.gob.pa\/nacionalfm\/wp-json\/wp\/v2\/posts"}],"about":[{"href":"https:\/\/sertv.gob.pa\/nacionalfm\/wp-json\/wp\/v2\/types\/post"}],"author":[{"embeddable":true,"href":"https:\/\/sertv.gob.pa\/nacionalfm\/wp-json\/wp\/v2\/users\/1"}],"replies":[{"embeddable":true,"href":"https:\/\/sertv.gob.pa\/nacionalfm\/wp-json\/wp\/v2\/comments?post=19428"}],"version-history":[{"count":0,"href":"https:\/\/sertv.gob.pa\/nacionalfm\/wp-json\/wp\/v2\/posts\/19428\/revisions"}],"wp:featuredmedia":[{"embeddable":true,"href":"https:\/\/sertv.gob.pa\/nacionalfm\/wp-json\/wp\/v2\/media\/19429"}],"wp:attachment":[{"href":"https:\/\/sertv.gob.pa\/nacionalfm\/wp-json\/wp\/v2\/media?parent=19428"}],"wp:term":[{"taxonomy":"category","embeddable":true,"href":"https:\/\/sertv.gob.pa\/nacionalfm\/wp-json\/wp\/v2\/categories?post=19428"},{"taxonomy":"post_tag","embeddable":true,"href":"https:\/\/sertv.gob.pa\/nacionalfm\/wp-json\/wp\/v2\/tags?post=19428"}],"curies":[{"name":"wp","href":"https:\/\/api.w.org\/{rel}","templated":true}]}}