{"id":19442,"date":"2017-03-31T18:03:24","date_gmt":"2017-03-31T18:03:24","guid":{"rendered":""},"modified":"2017-03-31T18:03:24","modified_gmt":"2017-03-31T18:03:24","slug":"en-la-ultima-decada-los-casos-de-depresion-aumentaron-en-18","status":"publish","type":"post","link":"https:\/\/sertv.gob.pa\/nacionalfm\/en-la-ultima-decada-los-casos-de-depresion-aumentaron-en-18\/","title":{"rendered":"En la \u00faltima d\u00e9cada los casos de depresi\u00f3n aumentaron en 18%"},"content":{"rendered":"<p>\nLa OMS dedicar\u00e1 este a\u00f1o el D\u00eda Mundial de la Salud, que se celebra el 7 de abril, a esta enfermedad, con el lema &ldquo;Depresi\u00f3n, hablemos de ello&rdquo;. La tasa mundial de depresi\u00f3n ha aumentado 18 % en una d\u00e9cada, seg\u00fan los datos m\u00e1s actualizados de la OMS, y aunque su relaci\u00f3n con los r\u00e1pidos cambios que experimentan las sociedades no est\u00e1 del todo clara, s\u00ed lo est\u00e1 su v\u00ednculo causal con el alcoholismo, el suicidio y el consumo de drogas. <\/p>\n<p>Del 70 al 80 % de los 800.000 casos anuales de suicidios en los pa\u00edses de ingresos altos corresponden a personas que padec\u00edan trastornos mentales, de los cuales la depresi\u00f3n era el m\u00e1s com\u00fan, mientras que en los pa\u00edses en desarrollo se trata de uno de cada dos casos. <\/p>\n<p>El director del Departamento de Salud Mental de la OMS, Shekhar Saxena, lament\u00f3 que, de manera general, los sistemas sanitarios nacionales sigan prestando tan poca importancia y recursos a esta enfermedad. Si en los pa\u00edses ricos se destina el 3 % del presupuesto sanitario a la salud mental, en los pa\u00edses en desarrollo se invierte apenas el 1 %, precis\u00f3 el especialista. <\/p>\n<p>Saxena se\u00f1al\u00f3 que estad\u00edsticamente las mujeres sufren m\u00e1s de depresi\u00f3n (5,1 % de la poblaci\u00f3n, frente a un 3,3 % en el caso de los hombres), por razones que no est\u00e1n completamente claras. <\/p>\n<p>Entre las razones que se evocan m\u00e1s frecuentemente est\u00e1 la presi\u00f3n que las mujeres padecen por su doble responsabilidad en el hogar y como trabajadoras, y el impacto de los cambios en sus funciones reproductivas, aunque la diferencia igualmente podr\u00eda deberse al hecho de que los hombres reportan menos ser v\u00edctimas de depresi\u00f3n. <\/p>\n<p>La depresi\u00f3n infantil y en adolescentes constituye un campo de investigaci\u00f3n en el que a\u00fan no se ha avanzado lo suficiente, reconocieron los expertos. <\/p>\n<p>La ciencia tampoco es categ\u00f3rica, por el momento, respecto al impacto del acceso a la tecnolog\u00eda, el abuso de las pantallas y la utilizaci\u00f3n de las redes sociales, aunque la tendencia al aislamiento que pueden generar y al acoso virtual pueden ser factores importantes de depresi\u00f3n. <\/p>\n<p>Otros aspectos a los que los especialistas aludieron al comentar la depresi\u00f3n infantil fueron las altas exigencias escolares que padecen algunos ni\u00f1os y las relaciones con sus amigos. <\/p>\n<p>La depresi\u00f3n est\u00e1 caracterizada por tristeza constante, la incapacidad para trabajar o estudiar, la disminuci\u00f3n del apetito y del sue\u00f1o, y una sensaci\u00f3n general de falta de esperanza, todo esto durante un per\u00edodo de m\u00e1s de dos semanas. <\/p>\n<p>\u00a0 <\/p>\n","protected":false},"excerpt":{"rendered":"<p>La OMS dedicar\u00e1 este a\u00f1o el D\u00eda Mundial de la <a href=\"https:\/\/sertv.gob.pa\/nacionalfm\/en-la-ultima-decada-los-casos-de-depresion-aumentaron-en-18\/\"> [&#8230;]<\/a><\/p>\n","protected":false},"author":1,"featured_media":19443,"comment_status":"closed","ping_status":"closed","sticky":false,"template":"","format":"standard","meta":{"footnotes":""},"categories":[5],"tags":[],"class_list":["post-19442","post","type-post","status-publish","format-standard","has-post-thumbnail","hentry","category-salud"],"_links":{"self":[{"href":"https:\/\/sertv.gob.pa\/nacionalfm\/wp-json\/wp\/v2\/posts\/19442","targetHints":{"allow":["GET"]}}],"collection":[{"href":"https:\/\/sertv.gob.pa\/nacionalfm\/wp-json\/wp\/v2\/posts"}],"about":[{"href":"https:\/\/sertv.gob.pa\/nacionalfm\/wp-json\/wp\/v2\/types\/post"}],"author":[{"embeddable":true,"href":"https:\/\/sertv.gob.pa\/nacionalfm\/wp-json\/wp\/v2\/users\/1"}],"replies":[{"embeddable":true,"href":"https:\/\/sertv.gob.pa\/nacionalfm\/wp-json\/wp\/v2\/comments?post=19442"}],"version-history":[{"count":0,"href":"https:\/\/sertv.gob.pa\/nacionalfm\/wp-json\/wp\/v2\/posts\/19442\/revisions"}],"wp:featuredmedia":[{"embeddable":true,"href":"https:\/\/sertv.gob.pa\/nacionalfm\/wp-json\/wp\/v2\/media\/19443"}],"wp:attachment":[{"href":"https:\/\/sertv.gob.pa\/nacionalfm\/wp-json\/wp\/v2\/media?parent=19442"}],"wp:term":[{"taxonomy":"category","embeddable":true,"href":"https:\/\/sertv.gob.pa\/nacionalfm\/wp-json\/wp\/v2\/categories?post=19442"},{"taxonomy":"post_tag","embeddable":true,"href":"https:\/\/sertv.gob.pa\/nacionalfm\/wp-json\/wp\/v2\/tags?post=19442"}],"curies":[{"name":"wp","href":"https:\/\/api.w.org\/{rel}","templated":true}]}}