{"id":19462,"date":"2017-04-03T17:27:53","date_gmt":"2017-04-03T17:27:53","guid":{"rendered":""},"modified":"2017-04-03T17:27:53","modified_gmt":"2017-04-03T17:27:53","slug":"panamenos-ganan-en-isla-caiman-en-boxeo","status":"publish","type":"post","link":"https:\/\/sertv.gob.pa\/nacionalfm\/panamenos-ganan-en-isla-caiman-en-boxeo\/","title":{"rendered":"Paname\u00f1os ganan en Isla Caim\u00e1n en boxeo"},"content":{"rendered":"<p>\n4 p\u00fagiles paname\u00f1os del Seleccionado Nacional de Panam\u00e1 ganan en Islas Caimames, Juana De Fr\u00edas venci\u00f3 por decisi\u00f3n un\u00e1nime a Chambria Dalhous, Abelardo &ldquo;Chol\u00f3n&rdquo; Gonz\u00e1lez por abandono, Charlie Willson venci\u00f3 por decisi\u00f3n un\u00e1nime a Eduardo Montalvo. <\/p>\n<p>La primera medalla de oro en el boxeo de Panam\u00e1 Atheyna Byllon venci\u00f3 por decisi\u00f3n un\u00e1nime a Miriam Da Silva, en tanto que la \u00fanica derrota por Panam\u00e1 fue en controversial pelea entre Luis &ldquo;Coquimbo&rdquo; Hern\u00e1ndez y Eariel Ebanks <\/p>\n","protected":false},"excerpt":{"rendered":"<p>4 p\u00fagiles paname\u00f1os del Seleccionado Nacional de Panam\u00e1 ganan en <a href=\"https:\/\/sertv.gob.pa\/nacionalfm\/panamenos-ganan-en-isla-caiman-en-boxeo\/\"> [&#8230;]<\/a><\/p>\n","protected":false},"author":1,"featured_media":19463,"comment_status":"closed","ping_status":"closed","sticky":false,"template":"","format":"standard","meta":{"footnotes":""},"categories":[4],"tags":[],"class_list":["post-19462","post","type-post","status-publish","format-standard","has-post-thumbnail","hentry","category-deportes"],"_links":{"self":[{"href":"https:\/\/sertv.gob.pa\/nacionalfm\/wp-json\/wp\/v2\/posts\/19462","targetHints":{"allow":["GET"]}}],"collection":[{"href":"https:\/\/sertv.gob.pa\/nacionalfm\/wp-json\/wp\/v2\/posts"}],"about":[{"href":"https:\/\/sertv.gob.pa\/nacionalfm\/wp-json\/wp\/v2\/types\/post"}],"author":[{"embeddable":true,"href":"https:\/\/sertv.gob.pa\/nacionalfm\/wp-json\/wp\/v2\/users\/1"}],"replies":[{"embeddable":true,"href":"https:\/\/sertv.gob.pa\/nacionalfm\/wp-json\/wp\/v2\/comments?post=19462"}],"version-history":[{"count":0,"href":"https:\/\/sertv.gob.pa\/nacionalfm\/wp-json\/wp\/v2\/posts\/19462\/revisions"}],"wp:featuredmedia":[{"embeddable":true,"href":"https:\/\/sertv.gob.pa\/nacionalfm\/wp-json\/wp\/v2\/media\/19463"}],"wp:attachment":[{"href":"https:\/\/sertv.gob.pa\/nacionalfm\/wp-json\/wp\/v2\/media?parent=19462"}],"wp:term":[{"taxonomy":"category","embeddable":true,"href":"https:\/\/sertv.gob.pa\/nacionalfm\/wp-json\/wp\/v2\/categories?post=19462"},{"taxonomy":"post_tag","embeddable":true,"href":"https:\/\/sertv.gob.pa\/nacionalfm\/wp-json\/wp\/v2\/tags?post=19462"}],"curies":[{"name":"wp","href":"https:\/\/api.w.org\/{rel}","templated":true}]}}