{"id":19482,"date":"2017-04-03T20:18:28","date_gmt":"2017-04-03T20:18:28","guid":{"rendered":""},"modified":"2017-04-03T20:18:28","modified_gmt":"2017-04-03T20:18:28","slug":"inauguran-canchas-sinteticas-en-san-miguelito","status":"publish","type":"post","link":"https:\/\/sertv.gob.pa\/nacionalfm\/inauguran-canchas-sinteticas-en-san-miguelito\/","title":{"rendered":"Inauguran canchas sint\u00e9ticas en San  Miguelito"},"content":{"rendered":"<p>\nLa Secretar\u00eda Nacional para la Prevenci\u00f3n de la Delincuencia Juvenil inaugur\u00f3 recientemente tres canchas sint\u00e9ticas y multiusos en el distrito de San Miguelito en medio de un simb\u00f3lico partido de f\u00fatbol entre ni\u00f1os y j\u00f3venes. <\/p>\n<p>Estos espacios recreativos, que beneficiar\u00e1n a residentes de las comunidades de Tinajita Arriba, Tinajita COIF y El Pueblito en el corregimiento Omar Torrijos, forman parte de las 21 canchas que se construyen en San Miguelito para prevenir y erradicar la delincuencia juvenil. <\/p>\n<p>En la actualidad, el Gobierno, a trav\u00e9s de la Secretar\u00eda Nacional para la Prevenci\u00f3n de la Delincuencia Juvenil, construye en San Miguelito otras 18 canchas sint\u00e9ticas y\u00a0 multiusos en sectores en riesgo social en\u00a0San Miguelito, entre ellos: Cerro Viento Rural, Las Trancas, El Crisol, Monte Oscuro calle 3 y calle 9, Los Andes 2, Providencia, Mamey y Tur\u00edn. A nivel nacional se se edificar\u00e1n 62 canchas deportivas, lo que representa una inversi\u00f3n de 1.5 mill\u00f3n de balboas. <\/p>\n<p>El Mandatario ha expresado que esta iniciativa se enmarca dentro del Plan Quinquenal\u00a0 2014-2019 \u00a0 de crear programas e instalaciones deportivas en las escuelas y los barrios a nivel nacional, para asegurar que todos los paname\u00f1os, en especial los j\u00f3venes puedan practicar deportes, convivir sanamente y crecer de forma saludable. <\/p>\n","protected":false},"excerpt":{"rendered":"<p>La Secretar\u00eda Nacional para la Prevenci\u00f3n de la Delincuencia Juvenil <a href=\"https:\/\/sertv.gob.pa\/nacionalfm\/inauguran-canchas-sinteticas-en-san-miguelito\/\"> [&#8230;]<\/a><\/p>\n","protected":false},"author":1,"featured_media":19483,"comment_status":"closed","ping_status":"closed","sticky":false,"template":"","format":"standard","meta":{"footnotes":""},"categories":[4],"tags":[],"class_list":["post-19482","post","type-post","status-publish","format-standard","has-post-thumbnail","hentry","category-deportes"],"_links":{"self":[{"href":"https:\/\/sertv.gob.pa\/nacionalfm\/wp-json\/wp\/v2\/posts\/19482","targetHints":{"allow":["GET"]}}],"collection":[{"href":"https:\/\/sertv.gob.pa\/nacionalfm\/wp-json\/wp\/v2\/posts"}],"about":[{"href":"https:\/\/sertv.gob.pa\/nacionalfm\/wp-json\/wp\/v2\/types\/post"}],"author":[{"embeddable":true,"href":"https:\/\/sertv.gob.pa\/nacionalfm\/wp-json\/wp\/v2\/users\/1"}],"replies":[{"embeddable":true,"href":"https:\/\/sertv.gob.pa\/nacionalfm\/wp-json\/wp\/v2\/comments?post=19482"}],"version-history":[{"count":0,"href":"https:\/\/sertv.gob.pa\/nacionalfm\/wp-json\/wp\/v2\/posts\/19482\/revisions"}],"wp:featuredmedia":[{"embeddable":true,"href":"https:\/\/sertv.gob.pa\/nacionalfm\/wp-json\/wp\/v2\/media\/19483"}],"wp:attachment":[{"href":"https:\/\/sertv.gob.pa\/nacionalfm\/wp-json\/wp\/v2\/media?parent=19482"}],"wp:term":[{"taxonomy":"category","embeddable":true,"href":"https:\/\/sertv.gob.pa\/nacionalfm\/wp-json\/wp\/v2\/categories?post=19482"},{"taxonomy":"post_tag","embeddable":true,"href":"https:\/\/sertv.gob.pa\/nacionalfm\/wp-json\/wp\/v2\/tags?post=19482"}],"curies":[{"name":"wp","href":"https:\/\/api.w.org\/{rel}","templated":true}]}}