{"id":19508,"date":"2017-04-04T18:36:33","date_gmt":"2017-04-04T18:36:33","guid":{"rendered":""},"modified":"2017-04-04T18:36:33","modified_gmt":"2017-04-04T18:36:33","slug":"casos-de-lepra-son-del-2016-aclara-el-minsa","status":"publish","type":"post","link":"https:\/\/sertv.gob.pa\/nacionalfm\/casos-de-lepra-son-del-2016-aclara-el-minsa\/","title":{"rendered":"Casos de lepra son del 2016, aclara el Minsa"},"content":{"rendered":"<p>\nEl Ministerio de Salud (Minsa), inform\u00f3 en su cuenta oficial de twitter que no hay casos \u00a0nuevos de lepra en el pa\u00eds. <\/p>\n<p>Isela Renter\u00eda, jefa del programa de lepra se\u00f1ala que los casos mencionados datan del 2016. <\/p>\n<p>Adem\u00e1s, explic\u00f3 que los pacientes con lepra est\u00e1n bajo su respectivo tratamiento en el Minsa. <\/p>\n<p>Los casos que se divulgaron en medios locales indicaban la existencia de nacionalidad colombiana con la enfermedad, uno siendo tratado en el pa\u00eds y otro en Colombia. <\/p>\n<p>Seg\u00fan la Organizaci\u00f3n Mundial de la Salud (OMS), la lepra es una enfermedad infecciosa cr\u00f3nica ocasionada por\u00a0 Mycobacterium leprae , un bacilo acidorresistente con forma de curva. Afecta principalmente a la piel, los nervios perif\u00e9ricos, la mucosa de las v\u00edas respiratorias altas y los ojos. <\/p>\n<p>\u00a0 <\/p>\n","protected":false},"excerpt":{"rendered":"<p>El Ministerio de Salud (Minsa), inform\u00f3 en su cuenta oficial <a href=\"https:\/\/sertv.gob.pa\/nacionalfm\/casos-de-lepra-son-del-2016-aclara-el-minsa\/\"> [&#8230;]<\/a><\/p>\n","protected":false},"author":1,"featured_media":19509,"comment_status":"closed","ping_status":"closed","sticky":false,"template":"","format":"standard","meta":{"footnotes":""},"categories":[5],"tags":[],"class_list":["post-19508","post","type-post","status-publish","format-standard","has-post-thumbnail","hentry","category-salud"],"_links":{"self":[{"href":"https:\/\/sertv.gob.pa\/nacionalfm\/wp-json\/wp\/v2\/posts\/19508","targetHints":{"allow":["GET"]}}],"collection":[{"href":"https:\/\/sertv.gob.pa\/nacionalfm\/wp-json\/wp\/v2\/posts"}],"about":[{"href":"https:\/\/sertv.gob.pa\/nacionalfm\/wp-json\/wp\/v2\/types\/post"}],"author":[{"embeddable":true,"href":"https:\/\/sertv.gob.pa\/nacionalfm\/wp-json\/wp\/v2\/users\/1"}],"replies":[{"embeddable":true,"href":"https:\/\/sertv.gob.pa\/nacionalfm\/wp-json\/wp\/v2\/comments?post=19508"}],"version-history":[{"count":0,"href":"https:\/\/sertv.gob.pa\/nacionalfm\/wp-json\/wp\/v2\/posts\/19508\/revisions"}],"wp:featuredmedia":[{"embeddable":true,"href":"https:\/\/sertv.gob.pa\/nacionalfm\/wp-json\/wp\/v2\/media\/19509"}],"wp:attachment":[{"href":"https:\/\/sertv.gob.pa\/nacionalfm\/wp-json\/wp\/v2\/media?parent=19508"}],"wp:term":[{"taxonomy":"category","embeddable":true,"href":"https:\/\/sertv.gob.pa\/nacionalfm\/wp-json\/wp\/v2\/categories?post=19508"},{"taxonomy":"post_tag","embeddable":true,"href":"https:\/\/sertv.gob.pa\/nacionalfm\/wp-json\/wp\/v2\/tags?post=19508"}],"curies":[{"name":"wp","href":"https:\/\/api.w.org\/{rel}","templated":true}]}}