{"id":19516,"date":"2017-04-04T22:45:53","date_gmt":"2017-04-04T22:45:53","guid":{"rendered":""},"modified":"2017-04-04T22:45:53","modified_gmt":"2017-04-04T22:45:53","slug":"boxeadora-luciel-quiel-consigue-beca-en-el-peru","status":"publish","type":"post","link":"https:\/\/sertv.gob.pa\/nacionalfm\/boxeadora-luciel-quiel-consigue-beca-en-el-peru\/","title":{"rendered":"Boxeadora Luciel Quiel consigue beca en el Per\u00fa"},"content":{"rendered":"<p>\nLa boxeadora paname\u00f1a Luciel Quiel viaj\u00f3 ayer al Per\u00fa con el objetivo de estudiar en la Escuela de Oficiales de la Polic\u00eda Nacional, por lo que dejar\u00e1 por un tiempo las actividades box\u00edsticas. <\/p>\n<p>Manifest\u00f3 la boxeadora chiricana que aprovechar\u00e1 la oportunidad que se le present\u00f3, mediante una beca de estudio para la formaci\u00f3n de oficiales, en la que pudo pasar todos los filtros, la beca es por cinco a\u00f1os y si todo sale bien, estar\u00e1 retornado al pa\u00eds como oficial de la Polic\u00eda Nacional en 2021.. <\/p>\n<p>Quiel agreg\u00f3 que lo importante es que se mantendr\u00e1 entrenando para que esto no le afecte cuando vuelva a pelear. <\/p>\n<p>&lsquo;Como voy a estar en la Escuela de Oficiales de la Polic\u00eda Nacional, siempre voy a estar haciendo ejercicio, por esa parte estoy tranquila&#8217;, agreg\u00f3. <\/p>\n<p>Como boxeadora profesional, la chiricana tiene r\u00e9cord de ocho ganadas, dos derrotas, y tres definidas por la v\u00eda r\u00e1pida. <\/p>\n<p>El a\u00f1o pasado, Quiel gan\u00f3 dos peleas de formar consecutiva y la \u00fanica dos derrotas ha sido ante Zuliana Mendoza y Yaditza P\u00e9rez. <\/p>\n<p>\u00a0 <\/p>\n","protected":false},"excerpt":{"rendered":"<p>La boxeadora paname\u00f1a Luciel Quiel viaj\u00f3 ayer al Per\u00fa con <a href=\"https:\/\/sertv.gob.pa\/nacionalfm\/boxeadora-luciel-quiel-consigue-beca-en-el-peru\/\"> [&#8230;]<\/a><\/p>\n","protected":false},"author":1,"featured_media":19517,"comment_status":"closed","ping_status":"closed","sticky":false,"template":"","format":"standard","meta":{"footnotes":""},"categories":[4],"tags":[],"class_list":["post-19516","post","type-post","status-publish","format-standard","has-post-thumbnail","hentry","category-deportes"],"_links":{"self":[{"href":"https:\/\/sertv.gob.pa\/nacionalfm\/wp-json\/wp\/v2\/posts\/19516","targetHints":{"allow":["GET"]}}],"collection":[{"href":"https:\/\/sertv.gob.pa\/nacionalfm\/wp-json\/wp\/v2\/posts"}],"about":[{"href":"https:\/\/sertv.gob.pa\/nacionalfm\/wp-json\/wp\/v2\/types\/post"}],"author":[{"embeddable":true,"href":"https:\/\/sertv.gob.pa\/nacionalfm\/wp-json\/wp\/v2\/users\/1"}],"replies":[{"embeddable":true,"href":"https:\/\/sertv.gob.pa\/nacionalfm\/wp-json\/wp\/v2\/comments?post=19516"}],"version-history":[{"count":0,"href":"https:\/\/sertv.gob.pa\/nacionalfm\/wp-json\/wp\/v2\/posts\/19516\/revisions"}],"wp:featuredmedia":[{"embeddable":true,"href":"https:\/\/sertv.gob.pa\/nacionalfm\/wp-json\/wp\/v2\/media\/19517"}],"wp:attachment":[{"href":"https:\/\/sertv.gob.pa\/nacionalfm\/wp-json\/wp\/v2\/media?parent=19516"}],"wp:term":[{"taxonomy":"category","embeddable":true,"href":"https:\/\/sertv.gob.pa\/nacionalfm\/wp-json\/wp\/v2\/categories?post=19516"},{"taxonomy":"post_tag","embeddable":true,"href":"https:\/\/sertv.gob.pa\/nacionalfm\/wp-json\/wp\/v2\/tags?post=19516"}],"curies":[{"name":"wp","href":"https:\/\/api.w.org\/{rel}","templated":true}]}}