{"id":1952,"date":"2014-10-09T05:00:00","date_gmt":"2014-10-09T05:00:00","guid":{"rendered":""},"modified":"2014-10-09T05:00:00","modified_gmt":"2014-10-09T05:00:00","slug":"por-ebola-eu-advierte-de-crisis-mundial-urgente","status":"publish","type":"post","link":"https:\/\/sertv.gob.pa\/nacionalfm\/por-ebola-eu-advierte-de-crisis-mundial-urgente\/","title":{"rendered":"Por \u00e9bola, EU advierte de \u201ccrisis mundial urgente\u201d"},"content":{"rendered":"<p>\nEstados Unidos (EU) alert\u00f3 de &ldquo;una crisis mundial urgente&rdquo; por el virus \u00e9bola y reforz\u00f3 los controles en sus aeropuertos para evitar la propagaci\u00f3n de la enfermedad en ese pa\u00eds, donde ayer falleci\u00f3 un paciente en Texas. <\/p>\n<p>Mientras, Madrid llam\u00f3 a la calma y los trabajadores sanitarios denunciaron una mala gesti\u00f3n del tema en Espa\u00f1a, donde dos m\u00e9dicos y un enfermero fueron hospitalizados ayer por precauci\u00f3n. <\/p>\n<p>\u00a0 <\/p>\n","protected":false},"excerpt":{"rendered":"<p>Estados Unidos (EU) alert\u00f3 de &ldquo;una crisis mundial urgente&rdquo; por <a href=\"https:\/\/sertv.gob.pa\/nacionalfm\/por-ebola-eu-advierte-de-crisis-mundial-urgente\/\"> [&#8230;]<\/a><\/p>\n","protected":false},"author":1,"featured_media":1953,"comment_status":"closed","ping_status":"closed","sticky":false,"template":"","format":"standard","meta":{"footnotes":""},"categories":[5],"tags":[],"class_list":["post-1952","post","type-post","status-publish","format-standard","has-post-thumbnail","hentry","category-salud"],"_links":{"self":[{"href":"https:\/\/sertv.gob.pa\/nacionalfm\/wp-json\/wp\/v2\/posts\/1952","targetHints":{"allow":["GET"]}}],"collection":[{"href":"https:\/\/sertv.gob.pa\/nacionalfm\/wp-json\/wp\/v2\/posts"}],"about":[{"href":"https:\/\/sertv.gob.pa\/nacionalfm\/wp-json\/wp\/v2\/types\/post"}],"author":[{"embeddable":true,"href":"https:\/\/sertv.gob.pa\/nacionalfm\/wp-json\/wp\/v2\/users\/1"}],"replies":[{"embeddable":true,"href":"https:\/\/sertv.gob.pa\/nacionalfm\/wp-json\/wp\/v2\/comments?post=1952"}],"version-history":[{"count":0,"href":"https:\/\/sertv.gob.pa\/nacionalfm\/wp-json\/wp\/v2\/posts\/1952\/revisions"}],"wp:featuredmedia":[{"embeddable":true,"href":"https:\/\/sertv.gob.pa\/nacionalfm\/wp-json\/wp\/v2\/media\/1953"}],"wp:attachment":[{"href":"https:\/\/sertv.gob.pa\/nacionalfm\/wp-json\/wp\/v2\/media?parent=1952"}],"wp:term":[{"taxonomy":"category","embeddable":true,"href":"https:\/\/sertv.gob.pa\/nacionalfm\/wp-json\/wp\/v2\/categories?post=1952"},{"taxonomy":"post_tag","embeddable":true,"href":"https:\/\/sertv.gob.pa\/nacionalfm\/wp-json\/wp\/v2\/tags?post=1952"}],"curies":[{"name":"wp","href":"https:\/\/api.w.org\/{rel}","templated":true}]}}