{"id":19544,"date":"2017-04-05T18:36:51","date_gmt":"2017-04-05T18:36:51","guid":{"rendered":""},"modified":"2017-04-05T18:36:51","modified_gmt":"2017-04-05T18:36:51","slug":"lentejas-un-escudo-contra-la-diabetes","status":"publish","type":"post","link":"https:\/\/sertv.gob.pa\/nacionalfm\/lentejas-un-escudo-contra-la-diabetes\/","title":{"rendered":"Lentejas, un escudo contra la diabetes"},"content":{"rendered":"<p>\nDebido a su valor nutricional, comer  legumbres de manera regular podr\u00eda mejorar la salud . De hecho, la Organizaci\u00f3n de las Naciones Unidas para la Alimentaci\u00f3n y la Agricultura (FAO) declar\u00f3 el a\u00f1o 2016 como el a\u00f1o internacional de las legumbres con el prop\u00f3sito de concienciar a la poblaci\u00f3n sobre sus beneficios nutricionales. <\/p>\n<p>Las legumbres constituyen un grupo de  alimentos ricos en vitaminas del grupo B , contienen diferentes minerales beneficiosos para la salud (calcio, potasio y magnesio), grandes cantidades de fibra, y son consideradas un alimento con bajo \u00edndice gluc\u00e9mico. Es por ello que dan lugar a un aumento m\u00e1s lento de los niveles de glucosa en sangre tras su ingesta. <\/p>\n<p>Hasta hoy, a pesar de que las legumbres se consideran uno de los factores diet\u00e9ticos que pueden ofrecer protecci\u00f3n frente a la diabetes tipo 2 &ndash;que afecta a m\u00e1s de 400 millones de personas en el mundo (seg\u00fan datos de 2015)&ndash;,  la asociaci\u00f3n entre esta enfermedad y el consumo de legumbres (excluida la soja y sus derivados) ha sido poco estudiada.  <\/p>\n<p>Ahora, resultados recientes del  estudio sobre\u00a0Prevenci\u00f3n con Dieta Mediterr\u00e1nea  (PREDIMED) confirman esa asociaci\u00f3n protectora entre el consumo de legumbres, especialmente lentejas, y el riesgo de desarrollar diabetes tipo 2. \u00a0 <\/p>\n<p>Adem\u00e1s, en la investigaci\u00f3n, realizada por\u00a0investigadores de la Universidad Rovira i Virgili (URV) y publicada en la revista\u00a0Clinical Nutrition,\u00a0tambi\u00e9n se ha asociado este menor riesgo con  la sustituci\u00f3n de media raci\u00f3n al d\u00eda de huevos, pasta, arroz y patata hervida por media raci\u00f3n al d\u00eda de legumbres .\u00a0Los expertos han analizado a 3.349 participantes con alto riesgo cardiovascular que no ten\u00edan diabetes tipo 2 al inicio del estudio.\u00a0 <\/p>\n<p>Tras cuatro a\u00f1os de seguimiento, los resultados han revelado que, en comparaci\u00f3n con los individuos que consumen legumbres &mdash;lentejas, garbanzos, alubias y guisantes&mdash; en menor cantidad (12,73 gramos\/d\u00eda, lo que equivale aproximadamente a 1,5 raciones a la semana de 60 g en crudo), los participantes que las consum\u00edan en mayor medida (28,75 gramos\/d\u00eda, lo que equivale a 3,35 raciones a la semana)  presentaban un 35% de menor riesgo de diabetes tipo 2.  <\/p>\n<p>En relaci\u00f3n con los diferentes subtipos de legumbres,  las lentejas son las que se han asociado a ese menor riesgo de desarrollar diabetes.  Los individuos con una mayor ingesta de lentejas durante el seguimiento (aproximadamente 1 raci\u00f3n\/semana), frente a los individuos que las consum\u00edan en menor cantidad (menos de media raci\u00f3n a la semana), presentaban un 33 % de menor riesgo de desarrollar la enfermedad. <\/p>\n<p>\u00a0 <\/p>\n","protected":false},"excerpt":{"rendered":"<p>Debido a su valor nutricional, comer legumbres de manera regular <a href=\"https:\/\/sertv.gob.pa\/nacionalfm\/lentejas-un-escudo-contra-la-diabetes\/\"> [&#8230;]<\/a><\/p>\n","protected":false},"author":1,"featured_media":19545,"comment_status":"closed","ping_status":"closed","sticky":false,"template":"","format":"standard","meta":{"footnotes":""},"categories":[5],"tags":[],"class_list":["post-19544","post","type-post","status-publish","format-standard","has-post-thumbnail","hentry","category-salud"],"_links":{"self":[{"href":"https:\/\/sertv.gob.pa\/nacionalfm\/wp-json\/wp\/v2\/posts\/19544","targetHints":{"allow":["GET"]}}],"collection":[{"href":"https:\/\/sertv.gob.pa\/nacionalfm\/wp-json\/wp\/v2\/posts"}],"about":[{"href":"https:\/\/sertv.gob.pa\/nacionalfm\/wp-json\/wp\/v2\/types\/post"}],"author":[{"embeddable":true,"href":"https:\/\/sertv.gob.pa\/nacionalfm\/wp-json\/wp\/v2\/users\/1"}],"replies":[{"embeddable":true,"href":"https:\/\/sertv.gob.pa\/nacionalfm\/wp-json\/wp\/v2\/comments?post=19544"}],"version-history":[{"count":0,"href":"https:\/\/sertv.gob.pa\/nacionalfm\/wp-json\/wp\/v2\/posts\/19544\/revisions"}],"wp:featuredmedia":[{"embeddable":true,"href":"https:\/\/sertv.gob.pa\/nacionalfm\/wp-json\/wp\/v2\/media\/19545"}],"wp:attachment":[{"href":"https:\/\/sertv.gob.pa\/nacionalfm\/wp-json\/wp\/v2\/media?parent=19544"}],"wp:term":[{"taxonomy":"category","embeddable":true,"href":"https:\/\/sertv.gob.pa\/nacionalfm\/wp-json\/wp\/v2\/categories?post=19544"},{"taxonomy":"post_tag","embeddable":true,"href":"https:\/\/sertv.gob.pa\/nacionalfm\/wp-json\/wp\/v2\/tags?post=19544"}],"curies":[{"name":"wp","href":"https:\/\/api.w.org\/{rel}","templated":true}]}}