{"id":19554,"date":"2017-04-05T21:38:17","date_gmt":"2017-04-05T21:38:17","guid":{"rendered":""},"modified":"2017-04-05T21:38:17","modified_gmt":"2017-04-05T21:38:17","slug":"comibox-brinda-obsequio-a-nadador-benito-perlaza","status":"publish","type":"post","link":"https:\/\/sertv.gob.pa\/nacionalfm\/comibox-brinda-obsequio-a-nadador-benito-perlaza\/","title":{"rendered":"COMIBOX brinda obsequio a nadador Benito Perlaza"},"content":{"rendered":"<p>\nLa Comisii\u00f3n de Boxeo Profesional de Panam\u00e1, que preside el arquitecto Jaime &ldquo;Jimmy&rdquo; Salas, premi\u00f3 en la \u00faltima sesi\u00f3n ordinaria al nadador Benito Perlaza, hijo del supervisor de vendaje de la COMIBOX, quien obtuvo 3 medallas de bronce en el \u00faltimo Parapanamericano que se efectu\u00f3 en Brasil. <\/p>\n<p>Perlaza se sinti\u00f3 satisfecho por el reconocimiento de la COMIBOX y agradeci\u00f3 a sus padres Roberto Perlaza y Mayra de Perlaza por el apoyo que le han brindado desde los tres a\u00f1os de edad que inici\u00f3 su carrera. <\/p>\n<p>El diminuto nadador se prepara con el fin de enfrentar otro compromiso en el mes de mayo y su objetivo es llegar a los Juegos Ol\u00edmpicos 2020. <\/p>\n<p>\u00a0 \u00a0 \u00a0 \u00a0 \u00a0 \u00a0 \u00a0 \u00a0 \u00a0 \u00a0 \u00a0 \u00a0 \u00a0 \u00a0\u00a0 <\/p>\n","protected":false},"excerpt":{"rendered":"<p>La Comisii\u00f3n de Boxeo Profesional de Panam\u00e1, que preside el <a href=\"https:\/\/sertv.gob.pa\/nacionalfm\/comibox-brinda-obsequio-a-nadador-benito-perlaza\/\"> [&#8230;]<\/a><\/p>\n","protected":false},"author":1,"featured_media":19555,"comment_status":"closed","ping_status":"closed","sticky":false,"template":"","format":"standard","meta":{"footnotes":""},"categories":[4],"tags":[],"class_list":["post-19554","post","type-post","status-publish","format-standard","has-post-thumbnail","hentry","category-deportes"],"_links":{"self":[{"href":"https:\/\/sertv.gob.pa\/nacionalfm\/wp-json\/wp\/v2\/posts\/19554","targetHints":{"allow":["GET"]}}],"collection":[{"href":"https:\/\/sertv.gob.pa\/nacionalfm\/wp-json\/wp\/v2\/posts"}],"about":[{"href":"https:\/\/sertv.gob.pa\/nacionalfm\/wp-json\/wp\/v2\/types\/post"}],"author":[{"embeddable":true,"href":"https:\/\/sertv.gob.pa\/nacionalfm\/wp-json\/wp\/v2\/users\/1"}],"replies":[{"embeddable":true,"href":"https:\/\/sertv.gob.pa\/nacionalfm\/wp-json\/wp\/v2\/comments?post=19554"}],"version-history":[{"count":0,"href":"https:\/\/sertv.gob.pa\/nacionalfm\/wp-json\/wp\/v2\/posts\/19554\/revisions"}],"wp:featuredmedia":[{"embeddable":true,"href":"https:\/\/sertv.gob.pa\/nacionalfm\/wp-json\/wp\/v2\/media\/19555"}],"wp:attachment":[{"href":"https:\/\/sertv.gob.pa\/nacionalfm\/wp-json\/wp\/v2\/media?parent=19554"}],"wp:term":[{"taxonomy":"category","embeddable":true,"href":"https:\/\/sertv.gob.pa\/nacionalfm\/wp-json\/wp\/v2\/categories?post=19554"},{"taxonomy":"post_tag","embeddable":true,"href":"https:\/\/sertv.gob.pa\/nacionalfm\/wp-json\/wp\/v2\/tags?post=19554"}],"curies":[{"name":"wp","href":"https:\/\/api.w.org\/{rel}","templated":true}]}}