{"id":1956,"date":"2014-10-09T05:00:00","date_gmt":"2014-10-09T05:00:00","guid":{"rendered":""},"modified":"2014-10-09T05:00:00","modified_gmt":"2014-10-09T05:00:00","slug":"venta-de-jarabe-pharmaton-kiddi-es-prohibida-en-todo-el-pais","status":"publish","type":"post","link":"https:\/\/sertv.gob.pa\/nacionalfm\/venta-de-jarabe-pharmaton-kiddi-es-prohibida-en-todo-el-pais\/","title":{"rendered":"Venta de jarabe Pharmaton Kiddi es prohibida en todo el pa\u00eds"},"content":{"rendered":"<p>\nJenny Vergara, directora Nacional de Farmacias y Drogas del Ministerio de Salud (Minsa), anunci\u00f3 que la venta del jarabe multivitam\u00ednico Pharmaton Kiddi, recomendado para ni\u00f1os a partir del primer a\u00f1o, \u00a0qued\u00f3 prohibida temporalmente en el pa\u00eds. <\/p>\n<p>Vergara explic\u00f3 que la decisi\u00f3n se adopt\u00f3 ante las evidentes irregularidades detectadas en un lote del producto, como su aspecto turbio intenso, con abundantes part\u00edculas multiformes. Igualmente se consideraron las alertas internacionales, a\u00f1adi\u00f3. <\/p>\n<p>\u00a0 <\/p>\n","protected":false},"excerpt":{"rendered":"<p>Jenny Vergara, directora Nacional de Farmacias y Drogas del Ministerio <a href=\"https:\/\/sertv.gob.pa\/nacionalfm\/venta-de-jarabe-pharmaton-kiddi-es-prohibida-en-todo-el-pais\/\"> [&#8230;]<\/a><\/p>\n","protected":false},"author":1,"featured_media":1957,"comment_status":"closed","ping_status":"closed","sticky":false,"template":"","format":"standard","meta":{"footnotes":""},"categories":[5],"tags":[],"class_list":["post-1956","post","type-post","status-publish","format-standard","has-post-thumbnail","hentry","category-salud"],"_links":{"self":[{"href":"https:\/\/sertv.gob.pa\/nacionalfm\/wp-json\/wp\/v2\/posts\/1956","targetHints":{"allow":["GET"]}}],"collection":[{"href":"https:\/\/sertv.gob.pa\/nacionalfm\/wp-json\/wp\/v2\/posts"}],"about":[{"href":"https:\/\/sertv.gob.pa\/nacionalfm\/wp-json\/wp\/v2\/types\/post"}],"author":[{"embeddable":true,"href":"https:\/\/sertv.gob.pa\/nacionalfm\/wp-json\/wp\/v2\/users\/1"}],"replies":[{"embeddable":true,"href":"https:\/\/sertv.gob.pa\/nacionalfm\/wp-json\/wp\/v2\/comments?post=1956"}],"version-history":[{"count":0,"href":"https:\/\/sertv.gob.pa\/nacionalfm\/wp-json\/wp\/v2\/posts\/1956\/revisions"}],"wp:featuredmedia":[{"embeddable":true,"href":"https:\/\/sertv.gob.pa\/nacionalfm\/wp-json\/wp\/v2\/media\/1957"}],"wp:attachment":[{"href":"https:\/\/sertv.gob.pa\/nacionalfm\/wp-json\/wp\/v2\/media?parent=1956"}],"wp:term":[{"taxonomy":"category","embeddable":true,"href":"https:\/\/sertv.gob.pa\/nacionalfm\/wp-json\/wp\/v2\/categories?post=1956"},{"taxonomy":"post_tag","embeddable":true,"href":"https:\/\/sertv.gob.pa\/nacionalfm\/wp-json\/wp\/v2\/tags?post=1956"}],"curies":[{"name":"wp","href":"https:\/\/api.w.org\/{rel}","templated":true}]}}