{"id":19586,"date":"2017-04-06T18:38:28","date_gmt":"2017-04-06T18:38:28","guid":{"rendered":""},"modified":"2017-04-06T18:38:28","modified_gmt":"2017-04-06T18:38:28","slug":"en-colombia-fallecen-2-mujeres-durante-procedimientos-esteticos","status":"publish","type":"post","link":"https:\/\/sertv.gob.pa\/nacionalfm\/en-colombia-fallecen-2-mujeres-durante-procedimientos-esteticos\/","title":{"rendered":"En Colombia fallecen 2 mujeres durante procedimientos est\u00e9ticos"},"content":{"rendered":"<p>\n Tan solo en 24 horas murieron en Cali dos mujeres  de 34 y 53 a\u00f1os luego de\u00a0someterse a  procedimientos est\u00e9ticos  en centros m\u00e9dicos de la capital del Valle. Seg\u00fan informaci\u00f3n de Caracol Radio, la mujer de 34 a\u00f1os era  Gloria Elena Moreno , quien ten\u00eda una hija de 12 a\u00f1os. Moreno se someti\u00f3 a una lipectom\u00eda o abdominoplastia\u00a0en una cl\u00ednica del barrio T\u00e9bol de Calo. El informe preliminar se\u00f1ala que Gloria Elena Moreno muri\u00f3 horas despu\u00e9s de la cirug\u00eda pl\u00e1stica. <\/p>\n<p> La segunda v\u00edctima fue Jacqueline Bravo,  de 53 a\u00f1os, quien fue operada en la Cl\u00ednica\u00a0Orbes del barrio Tequendama al sur de Cali. Bravo resid\u00eda en Estados Unidos y ten\u00eda un\u00a0centro de est\u00e9tica en Manhattan. Seg\u00fan las autoridades cale\u00f1as, la mujer se estaba quedando en una casa de reposo en el barrio Tequendama y all\u00ed report\u00f3 haberse sentido \u00abmaluca\u00bb, horas despu\u00e9s muri\u00f3. En los \u00faltimos 30 d\u00edas las autoridades de salud reportaron el deceso de 5 mujeres luego de procedimientos est\u00e9ticos <\/p>\n<p> Cerca de cuatro personas mueren por a\u00f1o en Cali \u00a0luego de realizarse una cirug\u00eda pl\u00e1stica est\u00e9tica. Una cifra alarmante, teniendo en cuenta que en los \u00faltimos 17 a\u00f1os, son 65 las personas que perdieron la vida en un quir\u00f3fano cale\u00f1o, seg\u00fan una investigaci\u00f3n realizada por las m\u00e9dicas de la Universidad Icesi, Manuela Galvis y Mar\u00eda Paula Hormaza y el pat\u00f3logo Jorge Eduardo Paredes, en agosto del a\u00f1o pasado. En\u00a02017, sin embargo ya se rompi\u00f3 esa marca. En lo que va del a\u00f1o ya han muerto cinco mujeres. <\/p>\n<p>Dentro de los resultados de la investigaci\u00f3n, que fue expuesta en el\u00a0 Congreso Nacional de Medicina Legal y Ciencias Forenses , encontraron que hubo pacientes que se practicaron hasta\u00a0 7 intervenciones \u00a0en un mismo acto quir\u00fargico. Igualmente, se registraron los fallecimientos de\u00a0 dos menores de edad , la m\u00e1s joven de solo 16 a\u00f1os. <\/p>\n<p>Dentro de las cirug\u00edas m\u00e1s practicadas a las personas fallecidas se encuentran\u00a0 la liposucci\u00f3n y la inyecci\u00f3n de biopol\u00edmeros en gl\u00fateos \u00a0y evidenci\u00f3 que la embolia de grasa (obstrucci\u00f3n de un vaso arterial por fragmentos de grasa) y las hemorragias fueron las principales causas de muerte en este tipo de cirug\u00edas.\u00a0M\u00e1s del 50 % de las muertes se dieron en las primeras 24 horas, ya sea durante o despu\u00e9s de la intervenci\u00f3n. <\/p>\n<p>Cali, al igual que Medell\u00edn, se ha convertido en\u00a0 un centro importante para la realizaci\u00f3n de cirug\u00edas pl\u00e1sticas en Colombia \u00a0y en el mundo. De los 65 casos de personas que fallecieron por esta causa en Cali,\u00a0 nueve llegaron desde el exterior . Se calcula que en el pa\u00eds se realizan cada a\u00f1o 200.000 cirug\u00edas pl\u00e1sticas, de las cuales el 16 % se ejecutar\u00edan en la capital del Valle. <\/p>\n<p>\u00a0 <\/p>\n","protected":false},"excerpt":{"rendered":"<p>Tan solo en 24 horas murieron en Cali dos mujeres <a href=\"https:\/\/sertv.gob.pa\/nacionalfm\/en-colombia-fallecen-2-mujeres-durante-procedimientos-esteticos\/\"> [&#8230;]<\/a><\/p>\n","protected":false},"author":1,"featured_media":19587,"comment_status":"closed","ping_status":"closed","sticky":false,"template":"","format":"standard","meta":{"footnotes":""},"categories":[5],"tags":[],"class_list":["post-19586","post","type-post","status-publish","format-standard","has-post-thumbnail","hentry","category-salud"],"_links":{"self":[{"href":"https:\/\/sertv.gob.pa\/nacionalfm\/wp-json\/wp\/v2\/posts\/19586","targetHints":{"allow":["GET"]}}],"collection":[{"href":"https:\/\/sertv.gob.pa\/nacionalfm\/wp-json\/wp\/v2\/posts"}],"about":[{"href":"https:\/\/sertv.gob.pa\/nacionalfm\/wp-json\/wp\/v2\/types\/post"}],"author":[{"embeddable":true,"href":"https:\/\/sertv.gob.pa\/nacionalfm\/wp-json\/wp\/v2\/users\/1"}],"replies":[{"embeddable":true,"href":"https:\/\/sertv.gob.pa\/nacionalfm\/wp-json\/wp\/v2\/comments?post=19586"}],"version-history":[{"count":0,"href":"https:\/\/sertv.gob.pa\/nacionalfm\/wp-json\/wp\/v2\/posts\/19586\/revisions"}],"wp:featuredmedia":[{"embeddable":true,"href":"https:\/\/sertv.gob.pa\/nacionalfm\/wp-json\/wp\/v2\/media\/19587"}],"wp:attachment":[{"href":"https:\/\/sertv.gob.pa\/nacionalfm\/wp-json\/wp\/v2\/media?parent=19586"}],"wp:term":[{"taxonomy":"category","embeddable":true,"href":"https:\/\/sertv.gob.pa\/nacionalfm\/wp-json\/wp\/v2\/categories?post=19586"},{"taxonomy":"post_tag","embeddable":true,"href":"https:\/\/sertv.gob.pa\/nacionalfm\/wp-json\/wp\/v2\/tags?post=19586"}],"curies":[{"name":"wp","href":"https:\/\/api.w.org\/{rel}","templated":true}]}}