{"id":19594,"date":"2017-04-06T21:21:22","date_gmt":"2017-04-06T21:21:22","guid":{"rendered":""},"modified":"2017-04-06T21:21:22","modified_gmt":"2017-04-06T21:21:22","slug":"nueva-pileta-para-piscina-adan-gordon","status":"publish","type":"post","link":"https:\/\/sertv.gob.pa\/nacionalfm\/nueva-pileta-para-piscina-adan-gordon\/","title":{"rendered":"Nueva pileta para piscina Ad\u00e1n Gord\u00f3n"},"content":{"rendered":"<p>\nLa piscina Ad\u00e1n Gordon que rinde homenaje al primer atleta ol\u00edmpico paname\u00f1o y que abri\u00f3 sus puertas para los IV Juegos Centroamericanos y del Caribe de 1938, quedar\u00e1 como un legado de la rica historia deportiva nacional, cuando en el espacio que actualmente ocupa esta instalaci\u00f3n se levante una nueva pileta. <\/p>\n<p>El director general del Instituto Paname\u00f1o de Deportes Roberto Arango Chiari entreg\u00f3 este mi\u00e9rcoles 5 de abril al representante de la empresa Direcci\u00f3n de Obras S.A., la orden de proceder para el estudio, dise\u00f1o y construcci\u00f3n de la nueva piscina Ad\u00e1n Gordon, proyecto que tendr\u00e1 una inversi\u00f3n superior a los tres millones de balboas. Les acompa\u00f1aron, Juan Tu\u00f1\u00f3n, Secretario General y Alberto Guerra, Jefe de Proyectos Especiales. <\/p>\n<p>De acuerdo al contrato, la empresa Direcci\u00f3n de Obras tendr\u00e1 24 meses para la ejecuci\u00f3n de este proyecto, que adem\u00e1s de cumplir con las normas de una piscina con todos los requerimientos de una moderna instalaci\u00f3n avalada por la Federaci\u00f3n Internacional de Nataci\u00f3n (FINA), era una anhelada petici\u00f3n de los nadadores de contar con una alberca de alto nivel para el desarrollo de este deporte en Panam\u00e1, sobre todo, en la c\u00e9ntrica ubicaci\u00f3n de Calidonia. <\/p>\n<p>La nueva piscina Ad\u00e1n Gordon contar\u00e1 entre otras facilidades con una pileta de 22 metros de ancho por 50.3 de largo y profundidad de dos metros, en base a hormig\u00f3n armado y revestida de azulejos de alta calidad resistente al desgaste y los qu\u00edmicos. <\/p>\n<p>Adem\u00e1s contar\u00e1 con ocho carriles con sus respectivas l\u00edneas de marcaci\u00f3n a lo largo de su recorrido y paneles electr\u00f3nicos en los muros frontales para el control del tiempo, un sistema de bombeo y filtraci\u00f3n del agua y de iluminaci\u00f3n, que evite el reflejo en el agua para no afectar a los nadadores y jueces. <\/p>\n<p>Tambi\u00e9n contar\u00e1 con butacas de respaldar para 500 personas. <\/p>\n<p>Con esta nueva piscina se preservar\u00e1 el nombre de Ad\u00e1n Gordon, ese nadador que naci\u00f3 en la isla de Taboga el 21 de junio de 1906 y que en 1928 se convirti\u00f3 en el primer paname\u00f1o en participar en unos Juegos Ol\u00edmpicos, en Amsterdam, Holanda a los que asisti\u00f3 como nadador, entrenador y delegado por lo que fue conocido como el &ldquo;Ol\u00edmpico Solitario&rdquo; y permitir\u00e1 a Panam\u00e1 contar con otro centro acu\u00e1tico de alto nivel, como la reci\u00e9n renovada Eileen Coparropa, para el beneficio de la actual y futura generaci\u00f3n de nadadores paname\u00f1os. <\/p>\n<p>\u00a0 <\/p>\n","protected":false},"excerpt":{"rendered":"<p>La piscina Ad\u00e1n Gordon que rinde homenaje al primer atleta <a href=\"https:\/\/sertv.gob.pa\/nacionalfm\/nueva-pileta-para-piscina-adan-gordon\/\"> [&#8230;]<\/a><\/p>\n","protected":false},"author":1,"featured_media":19595,"comment_status":"closed","ping_status":"closed","sticky":false,"template":"","format":"standard","meta":{"footnotes":""},"categories":[4],"tags":[],"class_list":["post-19594","post","type-post","status-publish","format-standard","has-post-thumbnail","hentry","category-deportes"],"_links":{"self":[{"href":"https:\/\/sertv.gob.pa\/nacionalfm\/wp-json\/wp\/v2\/posts\/19594","targetHints":{"allow":["GET"]}}],"collection":[{"href":"https:\/\/sertv.gob.pa\/nacionalfm\/wp-json\/wp\/v2\/posts"}],"about":[{"href":"https:\/\/sertv.gob.pa\/nacionalfm\/wp-json\/wp\/v2\/types\/post"}],"author":[{"embeddable":true,"href":"https:\/\/sertv.gob.pa\/nacionalfm\/wp-json\/wp\/v2\/users\/1"}],"replies":[{"embeddable":true,"href":"https:\/\/sertv.gob.pa\/nacionalfm\/wp-json\/wp\/v2\/comments?post=19594"}],"version-history":[{"count":0,"href":"https:\/\/sertv.gob.pa\/nacionalfm\/wp-json\/wp\/v2\/posts\/19594\/revisions"}],"wp:featuredmedia":[{"embeddable":true,"href":"https:\/\/sertv.gob.pa\/nacionalfm\/wp-json\/wp\/v2\/media\/19595"}],"wp:attachment":[{"href":"https:\/\/sertv.gob.pa\/nacionalfm\/wp-json\/wp\/v2\/media?parent=19594"}],"wp:term":[{"taxonomy":"category","embeddable":true,"href":"https:\/\/sertv.gob.pa\/nacionalfm\/wp-json\/wp\/v2\/categories?post=19594"},{"taxonomy":"post_tag","embeddable":true,"href":"https:\/\/sertv.gob.pa\/nacionalfm\/wp-json\/wp\/v2\/tags?post=19594"}],"curies":[{"name":"wp","href":"https:\/\/api.w.org\/{rel}","templated":true}]}}