{"id":19596,"date":"2017-04-06T21:46:00","date_gmt":"2017-04-06T21:46:00","guid":{"rendered":""},"modified":"2017-04-06T21:46:00","modified_gmt":"2017-04-06T21:46:00","slug":"nehomar-cermeno-defiende-titulo-el-domingo-en-japon","status":"publish","type":"post","link":"https:\/\/sertv.gob.pa\/nacionalfm\/nehomar-cermeno-defiende-titulo-el-domingo-en-japon\/","title":{"rendered":"Nehomar Cerme\u00f1o defiende t\u00edtulo el domingo en Jap\u00f3n"},"content":{"rendered":"<p>\nEste domingo 9 de abril el venezolano radicado en Panam\u00e1 har\u00e1 Nehomar Cede\u00f1o, una defensa m\u00e1s en Oriente cuando, se mida en Osaka, Jap\u00f3n al local Shn Kubo, que tiene un r\u00e9cord inmaculado 11 victorias con 8 K.O., en tanto que Cerme\u00f1o cuenta con un palmar\u00e9s de 26 victorias, 5 derrotas, un empate con 15 combates ganados antes del l\u00edmite. <\/p>\n<p>Abril ser\u00e1 otro mes de grandes peleas de campeonato para la Asociaci\u00f3n Mundial de Boxeo y la acci\u00f3n iniciar\u00e1 este domingo 9 de abril en Osaka, Jap\u00f3n, con la defensa del venezolano Nehomar Cerme\u00f1o (26-5-1, 15KO) contra el local Shun Kubo (11-0,8 KO). <\/p>\n<p>La Edion Arena Osaka, ser\u00e1 el escenario en el que Cerme\u00f1o, de 37 a\u00f1os de edad, har\u00e1 la tercera defensa de su faja regular contra el invicto Kubo, quien tiene la intenci\u00f3n de arrebatarle el cintur\u00f3n frentr a su gente. El campe\u00f3n lleg\u00f3 a suelo nip\u00f3n la semana pasada y afina los \u00faltimos detalles para el duro reto contra el asi\u00e1tico. <\/p>\n<p>Kubo tiene r\u00e9cord perfecto frente a rivales de su continente y gracias a sus demostraciones se gan\u00f3 el derecho a pelear por la corona. Cerme\u00f1o obtuvo su campeonato el 24 de junio del a\u00f1o pasado al derrotar al entonces campe\u00f3n de la AMB, el chino Xiaojun Qiu. Posteriormente defendi\u00f3 frente al tailand\u00e9s Anurak Thisa en septiembre y repiti\u00f3 la dosis frente a Qiu en un combate de revancha durante el mes de diciembre. <\/p>\n<p>Nehomar Cerme\u00f1o tiene como entrenador al paname\u00f1o Celso Ch\u00e1vez y su carrera es administrada por el tambi\u00e9n paname\u00f1o Rodolfo Blasser que a\u00f1os anteriores fue apoderado de otro campe\u00f3n mundial como lo fue Alfredo &ldquo;Presiso&rdquo; Leyne.n <\/p>\n","protected":false},"excerpt":{"rendered":"<p>Este domingo 9 de abril el venezolano radicado en Panam\u00e1 <a href=\"https:\/\/sertv.gob.pa\/nacionalfm\/nehomar-cermeno-defiende-titulo-el-domingo-en-japon\/\"> [&#8230;]<\/a><\/p>\n","protected":false},"author":1,"featured_media":19597,"comment_status":"closed","ping_status":"closed","sticky":false,"template":"","format":"standard","meta":{"footnotes":""},"categories":[4],"tags":[],"class_list":["post-19596","post","type-post","status-publish","format-standard","has-post-thumbnail","hentry","category-deportes"],"_links":{"self":[{"href":"https:\/\/sertv.gob.pa\/nacionalfm\/wp-json\/wp\/v2\/posts\/19596","targetHints":{"allow":["GET"]}}],"collection":[{"href":"https:\/\/sertv.gob.pa\/nacionalfm\/wp-json\/wp\/v2\/posts"}],"about":[{"href":"https:\/\/sertv.gob.pa\/nacionalfm\/wp-json\/wp\/v2\/types\/post"}],"author":[{"embeddable":true,"href":"https:\/\/sertv.gob.pa\/nacionalfm\/wp-json\/wp\/v2\/users\/1"}],"replies":[{"embeddable":true,"href":"https:\/\/sertv.gob.pa\/nacionalfm\/wp-json\/wp\/v2\/comments?post=19596"}],"version-history":[{"count":0,"href":"https:\/\/sertv.gob.pa\/nacionalfm\/wp-json\/wp\/v2\/posts\/19596\/revisions"}],"wp:featuredmedia":[{"embeddable":true,"href":"https:\/\/sertv.gob.pa\/nacionalfm\/wp-json\/wp\/v2\/media\/19597"}],"wp:attachment":[{"href":"https:\/\/sertv.gob.pa\/nacionalfm\/wp-json\/wp\/v2\/media?parent=19596"}],"wp:term":[{"taxonomy":"category","embeddable":true,"href":"https:\/\/sertv.gob.pa\/nacionalfm\/wp-json\/wp\/v2\/categories?post=19596"},{"taxonomy":"post_tag","embeddable":true,"href":"https:\/\/sertv.gob.pa\/nacionalfm\/wp-json\/wp\/v2\/tags?post=19596"}],"curies":[{"name":"wp","href":"https:\/\/api.w.org\/{rel}","templated":true}]}}