{"id":19618,"date":"2017-04-07T18:33:56","date_gmt":"2017-04-07T18:33:56","guid":{"rendered":""},"modified":"2017-04-07T18:33:56","modified_gmt":"2017-04-07T18:33:56","slug":"el-insomnio-hace-sufrir-al-corazon","status":"publish","type":"post","link":"https:\/\/sertv.gob.pa\/nacionalfm\/el-insomnio-hace-sufrir-al-corazon\/","title":{"rendered":"El insomnio hace sufrir al coraz\u00f3n"},"content":{"rendered":"<p>\nM\u00e1s noticias preocupantes para las personas que dan vueltas en la cama toda la noche: el insomnio parece vincularse con un mayor riesgo de  ataque card\u00edaco  o  accidente cerebrovascular  (ACV), sugiere una revisi\u00f3n de investigaciones de China. <\/p>\n<p>Los especialistas en el sue\u00f1o afirman que millones de estadounidenses  no duermen lo suficiente . \u00abEn la sociedad moderna, cada vez un n\u00famero mayor de personas se quejan de insomnio\u00bb, apunt\u00f3 He. <\/p>\n<p>En a\u00f1os recientes se han acumulado evidencias de los efectos nocivos del insomnio en la salud general. <\/p>\n<p>\u00abEstudios anteriores han mostrado que el insomnio podr\u00eda  cambiar al metabolismo  y la funci\u00f3n endocrina, aumentar la activaci\u00f3n del sistema nervioso, y subir la presi\u00f3n arterial\u00bb, advirti\u00f3 He. <\/p>\n<p>Igualmente puede provocar un incrementar en los niveles de ciertas prote\u00ednas relacionadas con la inflamaci\u00f3n. Todos esos son factores de riesgo de la enfermedad card\u00edaca y el ACV, explic\u00f3. <\/p>\n<p>A\u00f1adi\u00f3 que \u00abse necesita educaci\u00f3n en salud para aumentar la concientizaci\u00f3n p\u00fablica sobre los s\u00edntomas del insomnio y los riesgos potenciales, de manera que se anime a las personas con  problemas del sue\u00f1o a buscar  ayuda\u00bb. <\/p>\n<p>\u00a0 <\/p>\n<p>\u00a0 <\/p>\n","protected":false},"excerpt":{"rendered":"<p>M\u00e1s noticias preocupantes para las personas que dan vueltas en <a href=\"https:\/\/sertv.gob.pa\/nacionalfm\/el-insomnio-hace-sufrir-al-corazon\/\"> [&#8230;]<\/a><\/p>\n","protected":false},"author":1,"featured_media":19619,"comment_status":"closed","ping_status":"closed","sticky":false,"template":"","format":"standard","meta":{"footnotes":""},"categories":[5],"tags":[],"class_list":["post-19618","post","type-post","status-publish","format-standard","has-post-thumbnail","hentry","category-salud"],"_links":{"self":[{"href":"https:\/\/sertv.gob.pa\/nacionalfm\/wp-json\/wp\/v2\/posts\/19618","targetHints":{"allow":["GET"]}}],"collection":[{"href":"https:\/\/sertv.gob.pa\/nacionalfm\/wp-json\/wp\/v2\/posts"}],"about":[{"href":"https:\/\/sertv.gob.pa\/nacionalfm\/wp-json\/wp\/v2\/types\/post"}],"author":[{"embeddable":true,"href":"https:\/\/sertv.gob.pa\/nacionalfm\/wp-json\/wp\/v2\/users\/1"}],"replies":[{"embeddable":true,"href":"https:\/\/sertv.gob.pa\/nacionalfm\/wp-json\/wp\/v2\/comments?post=19618"}],"version-history":[{"count":0,"href":"https:\/\/sertv.gob.pa\/nacionalfm\/wp-json\/wp\/v2\/posts\/19618\/revisions"}],"wp:featuredmedia":[{"embeddable":true,"href":"https:\/\/sertv.gob.pa\/nacionalfm\/wp-json\/wp\/v2\/media\/19619"}],"wp:attachment":[{"href":"https:\/\/sertv.gob.pa\/nacionalfm\/wp-json\/wp\/v2\/media?parent=19618"}],"wp:term":[{"taxonomy":"category","embeddable":true,"href":"https:\/\/sertv.gob.pa\/nacionalfm\/wp-json\/wp\/v2\/categories?post=19618"},{"taxonomy":"post_tag","embeddable":true,"href":"https:\/\/sertv.gob.pa\/nacionalfm\/wp-json\/wp\/v2\/tags?post=19618"}],"curies":[{"name":"wp","href":"https:\/\/api.w.org\/{rel}","templated":true}]}}