{"id":19622,"date":"2017-04-07T18:52:44","date_gmt":"2017-04-07T18:52:44","guid":{"rendered":""},"modified":"2017-04-07T18:52:44","modified_gmt":"2017-04-07T18:52:44","slug":"decesos-provocados-por-el-tabaco-aumentaron-desde-1990","status":"publish","type":"post","link":"https:\/\/sertv.gob.pa\/nacionalfm\/decesos-provocados-por-el-tabaco-aumentaron-desde-1990\/","title":{"rendered":"Decesos provocados por el tabaco aumentaron desde 1990"},"content":{"rendered":"<p>\nEl n\u00famero de fumadores diarios y de muertos relacionados con  el tabaco aument\u00f3 a nivel mundial desde 1990 , a pesar de los avances logrados en la mayor\u00eda de los pa\u00edses desde esa fecha, alerta un estudio publicado este jueves.\u00a0 <\/p>\n<p>Uno de cada cuatro hombres y una de cada 20 mujeres eran fumadores diarios en 2015, esto es,  alrededor de 1.000 millones de personas , seg\u00fan el informe Global Burden of Diseases elaborado por un consorcio de centenares de cient\u00edficos.\u00a0 <\/p>\n<p>La  proporci\u00f3n de fumadores diarios se ha reducido  de manera significativa respecto al a\u00f1o 1990, cuando uno de cada tres hombres y una de cada 12 mujeres fumaban cada d\u00eda.\u00a0 <\/p>\n<p>Pero a pesar de este dato, el n\u00famero de fumadores pas\u00f3 de 870 millones en 1990 a m\u00e1s de 930 millones debido al  crecimiento demogr\u00e1fico mundial . Y el n\u00famero de fallecimientos atribuidos al tabaco -m\u00e1s de 6,4 millones de personas en 2015- aument\u00f3 en un 4,7% durante el mismo periodo.\u00a0 <\/p>\n<p>La mortalidad podr\u00eda seguir creciendo en los pr\u00f3ximos a\u00f1os ya que las principales tabacaleras intentan abrirse hueco en nuevos mercados, especialmente en los pa\u00edses en desarrollo, avisa el informe publicado en la  revista m\u00e9dica The Lancet. \u00a0 <\/p>\n<p> El tabaquismo provoca una de cada 10 muertes en el mundo , la mitad de ellas en tan solo cuatro pa\u00edses: China, India, Estados Unidos y Rusia.\u00a0<br \/>\nJunto a Indonesia, Banglad\u00e9s, Filipinas, Jap\u00f3n, Brasil y Alemania, representan los dos tercios del consumo mundial de tabaco.\u00a0 <\/p>\n<p>\u00abEl tabaquismo sigue siendo el segundo factor de riesgo de  muerte prematura y minusval\u00eda \u00bb tras la hipertensi\u00f3n arterial, seg\u00fan la autora principal del informe, Emanuela Gakidou, del Instituto de Medici\u00f3n y Evaluaci\u00f3n de la Salud en la universidad de Washington.\u00a0 <\/p>\n<p> Algunos pa\u00edses experimentaron una fuerte reducci\u00f3n de la adicci\u00f3n al tabaco  con una combinaci\u00f3n de impuestos m\u00e1s altos, campa\u00f1as educativas, anuncios y programas de ayuda para dejar de fumar.\u00a0 <\/p>\n<p>\u00a0 <\/p>\n","protected":false},"excerpt":{"rendered":"<p>El n\u00famero de fumadores diarios y de muertos relacionados con <a href=\"https:\/\/sertv.gob.pa\/nacionalfm\/decesos-provocados-por-el-tabaco-aumentaron-desde-1990\/\"> [&#8230;]<\/a><\/p>\n","protected":false},"author":1,"featured_media":19623,"comment_status":"closed","ping_status":"closed","sticky":false,"template":"","format":"standard","meta":{"footnotes":""},"categories":[5],"tags":[],"class_list":["post-19622","post","type-post","status-publish","format-standard","has-post-thumbnail","hentry","category-salud"],"_links":{"self":[{"href":"https:\/\/sertv.gob.pa\/nacionalfm\/wp-json\/wp\/v2\/posts\/19622","targetHints":{"allow":["GET"]}}],"collection":[{"href":"https:\/\/sertv.gob.pa\/nacionalfm\/wp-json\/wp\/v2\/posts"}],"about":[{"href":"https:\/\/sertv.gob.pa\/nacionalfm\/wp-json\/wp\/v2\/types\/post"}],"author":[{"embeddable":true,"href":"https:\/\/sertv.gob.pa\/nacionalfm\/wp-json\/wp\/v2\/users\/1"}],"replies":[{"embeddable":true,"href":"https:\/\/sertv.gob.pa\/nacionalfm\/wp-json\/wp\/v2\/comments?post=19622"}],"version-history":[{"count":0,"href":"https:\/\/sertv.gob.pa\/nacionalfm\/wp-json\/wp\/v2\/posts\/19622\/revisions"}],"wp:featuredmedia":[{"embeddable":true,"href":"https:\/\/sertv.gob.pa\/nacionalfm\/wp-json\/wp\/v2\/media\/19623"}],"wp:attachment":[{"href":"https:\/\/sertv.gob.pa\/nacionalfm\/wp-json\/wp\/v2\/media?parent=19622"}],"wp:term":[{"taxonomy":"category","embeddable":true,"href":"https:\/\/sertv.gob.pa\/nacionalfm\/wp-json\/wp\/v2\/categories?post=19622"},{"taxonomy":"post_tag","embeddable":true,"href":"https:\/\/sertv.gob.pa\/nacionalfm\/wp-json\/wp\/v2\/tags?post=19622"}],"curies":[{"name":"wp","href":"https:\/\/api.w.org\/{rel}","templated":true}]}}