{"id":1964,"date":"2014-10-09T05:00:00","date_gmt":"2014-10-09T05:00:00","guid":{"rendered":""},"modified":"2014-10-09T05:00:00","modified_gmt":"2014-10-09T05:00:00","slug":"medicamentos-en-panama-solo-son-vigilados-por-12-expertos","status":"publish","type":"post","link":"https:\/\/sertv.gob.pa\/nacionalfm\/medicamentos-en-panama-solo-son-vigilados-por-12-expertos\/","title":{"rendered":"Medicamentos en Panam\u00e1 solo son vigilados por 12 expertos"},"content":{"rendered":"<p>\nEn manos de 12 farmac\u00e9uticos est\u00e1 la vigilancia de todos los f\u00e1rmacos que consumen los cuatro millones de paname\u00f1os. <\/p>\n<p>Estos son los profesionales conque la Direcci\u00f3n Nacional de Farmacias y Drogas del Ministerio de Salud (MINSA) cuenta para fiscalizar las 200 mil farmacias existentes en el pa\u00eds. <\/p>\n<p>La jefa de esta direcci\u00f3n, Jenny Vergara, ayer reconoci\u00f3 la escasez de personal que hay para ejercer esta gran responsabilidad. <\/p>\n<p>Explic\u00f3 que \u00fanicamente 6 \u00a0farmac\u00e9uticos trabajan en la ciudad capital (regi\u00f3n metropolitana y Panam\u00e1 Oeste y Este) <\/p>\n<p>En la provincia de Veraguas hay cuatro, mientras que en Col\u00f3n y Chiriqu\u00ed solo un farmac\u00e9utico hace las inspecciones. \u00a0 <\/p>\n<p>La falta de personal no solo es el principal problema que enfrenta la Direcci\u00f3n de Farmacias y Drogas del MINSA, igualmente hay carencia de veh\u00edculos y conductores para efectuar las inspecciones en campo. <\/p>\n<p>Pese a este d\u00e9ficit de personal que enfrenta el Centro Nacional de Farmacovigilancia del MINSA, la directora resalt\u00f3 que la fiscalizaci\u00f3n diaria se est\u00e1 haciendo de la mejor manera y de forma oportuna. <\/p>\n<p>\u00a0 <\/p>\n","protected":false},"excerpt":{"rendered":"<p>En manos de 12 farmac\u00e9uticos est\u00e1 la vigilancia de todos <a href=\"https:\/\/sertv.gob.pa\/nacionalfm\/medicamentos-en-panama-solo-son-vigilados-por-12-expertos\/\"> [&#8230;]<\/a><\/p>\n","protected":false},"author":1,"featured_media":1965,"comment_status":"closed","ping_status":"closed","sticky":false,"template":"","format":"standard","meta":{"footnotes":""},"categories":[5],"tags":[],"class_list":["post-1964","post","type-post","status-publish","format-standard","has-post-thumbnail","hentry","category-salud"],"_links":{"self":[{"href":"https:\/\/sertv.gob.pa\/nacionalfm\/wp-json\/wp\/v2\/posts\/1964","targetHints":{"allow":["GET"]}}],"collection":[{"href":"https:\/\/sertv.gob.pa\/nacionalfm\/wp-json\/wp\/v2\/posts"}],"about":[{"href":"https:\/\/sertv.gob.pa\/nacionalfm\/wp-json\/wp\/v2\/types\/post"}],"author":[{"embeddable":true,"href":"https:\/\/sertv.gob.pa\/nacionalfm\/wp-json\/wp\/v2\/users\/1"}],"replies":[{"embeddable":true,"href":"https:\/\/sertv.gob.pa\/nacionalfm\/wp-json\/wp\/v2\/comments?post=1964"}],"version-history":[{"count":0,"href":"https:\/\/sertv.gob.pa\/nacionalfm\/wp-json\/wp\/v2\/posts\/1964\/revisions"}],"wp:featuredmedia":[{"embeddable":true,"href":"https:\/\/sertv.gob.pa\/nacionalfm\/wp-json\/wp\/v2\/media\/1965"}],"wp:attachment":[{"href":"https:\/\/sertv.gob.pa\/nacionalfm\/wp-json\/wp\/v2\/media?parent=1964"}],"wp:term":[{"taxonomy":"category","embeddable":true,"href":"https:\/\/sertv.gob.pa\/nacionalfm\/wp-json\/wp\/v2\/categories?post=1964"},{"taxonomy":"post_tag","embeddable":true,"href":"https:\/\/sertv.gob.pa\/nacionalfm\/wp-json\/wp\/v2\/tags?post=1964"}],"curies":[{"name":"wp","href":"https:\/\/api.w.org\/{rel}","templated":true}]}}