{"id":19660,"date":"2017-04-10T17:22:23","date_gmt":"2017-04-10T17:22:23","guid":{"rendered":""},"modified":"2017-04-10T17:22:23","modified_gmt":"2017-04-10T17:22:23","slug":"nehomar-cermeno-pierde-titulo-ante-shun-kubo","status":"publish","type":"post","link":"https:\/\/sertv.gob.pa\/nacionalfm\/nehomar-cermeno-pierde-titulo-ante-shun-kubo\/","title":{"rendered":"Nehomar Cerme\u00f1o pierde t\u00edtulo ante Shun Kubo"},"content":{"rendered":"<p>\nEl venezolano radicado en Panam\u00e1 Nehomar Cerme\u00f1o perdi\u00f3 su t\u00edtulo supergallo de la Asociaci\u00f3n Mundial de Boxeo por K.O.T. en el und\u00e9cimo asalt, ante el japon\u00e9s Shun Kubo, en combate realizado en Osaka, Jpa\u00f3n <\/p>\n<p>En los primeros round de la contienda, realizada en Osaka, Jap\u00f3n, tanto Kubo como Cerme\u00f1o buscaban su distancia. El japon\u00e9s dej\u00f3 muy clara su estrategia de entrar y salir, usando constantemente su jab combin\u00e1ndolo con el recto de derecha. Su efectividad era evidente cada vez que el sudamericano quer\u00eda atacar, pues sus golpes sol\u00edan quedar en el aire. <\/p>\n<p>Al finalizar el round 10, durante el minuto de descanso, era evidente que Cerme\u00f1o no saldr\u00eda para el siguiente asalto. As\u00ed, a los 5 segundos del und\u00e9cimo cap\u00edtulo el refer\u00ed Roberto Ram\u00edrez Jr decret\u00f3 la victoria para Kubo por nocaut t\u00e9cnico. <\/p>\n<p>De esta forma, el japon\u00e9s sigue invicto, ahora, con 12 victorias y 9 nocauts y se convierte por primera vez en campe\u00f3n mundial, ostenta la diadema universal S\u00faper Gallo de la AMB. <\/p>\n<p>\u00a0 <\/p>\n","protected":false},"excerpt":{"rendered":"<p>El venezolano radicado en Panam\u00e1 Nehomar Cerme\u00f1o perdi\u00f3 su t\u00edtulo <a href=\"https:\/\/sertv.gob.pa\/nacionalfm\/nehomar-cermeno-pierde-titulo-ante-shun-kubo\/\"> [&#8230;]<\/a><\/p>\n","protected":false},"author":1,"featured_media":19661,"comment_status":"closed","ping_status":"closed","sticky":false,"template":"","format":"standard","meta":{"footnotes":""},"categories":[4],"tags":[],"class_list":["post-19660","post","type-post","status-publish","format-standard","has-post-thumbnail","hentry","category-deportes"],"_links":{"self":[{"href":"https:\/\/sertv.gob.pa\/nacionalfm\/wp-json\/wp\/v2\/posts\/19660","targetHints":{"allow":["GET"]}}],"collection":[{"href":"https:\/\/sertv.gob.pa\/nacionalfm\/wp-json\/wp\/v2\/posts"}],"about":[{"href":"https:\/\/sertv.gob.pa\/nacionalfm\/wp-json\/wp\/v2\/types\/post"}],"author":[{"embeddable":true,"href":"https:\/\/sertv.gob.pa\/nacionalfm\/wp-json\/wp\/v2\/users\/1"}],"replies":[{"embeddable":true,"href":"https:\/\/sertv.gob.pa\/nacionalfm\/wp-json\/wp\/v2\/comments?post=19660"}],"version-history":[{"count":0,"href":"https:\/\/sertv.gob.pa\/nacionalfm\/wp-json\/wp\/v2\/posts\/19660\/revisions"}],"wp:featuredmedia":[{"embeddable":true,"href":"https:\/\/sertv.gob.pa\/nacionalfm\/wp-json\/wp\/v2\/media\/19661"}],"wp:attachment":[{"href":"https:\/\/sertv.gob.pa\/nacionalfm\/wp-json\/wp\/v2\/media?parent=19660"}],"wp:term":[{"taxonomy":"category","embeddable":true,"href":"https:\/\/sertv.gob.pa\/nacionalfm\/wp-json\/wp\/v2\/categories?post=19660"},{"taxonomy":"post_tag","embeddable":true,"href":"https:\/\/sertv.gob.pa\/nacionalfm\/wp-json\/wp\/v2\/tags?post=19660"}],"curies":[{"name":"wp","href":"https:\/\/api.w.org\/{rel}","templated":true}]}}