{"id":19664,"date":"2017-04-10T17:44:03","date_gmt":"2017-04-10T17:44:03","guid":{"rendered":""},"modified":"2017-04-10T17:44:03","modified_gmt":"2017-04-10T17:44:03","slug":"en-darien-conforman-equipos-para-torneo-infanto-juvenil-de-futbol","status":"publish","type":"post","link":"https:\/\/sertv.gob.pa\/nacionalfm\/en-darien-conforman-equipos-para-torneo-infanto-juvenil-de-futbol\/","title":{"rendered":"En Dari\u00e9n conforman equipos para torneo infanto-juvenil de f\u00fatbol"},"content":{"rendered":"<p>\n Luego de un recorrido a nivel de toda la provincia por r\u00edo, mar y carretera, La Liga Provincial de F\u00fatbol del Dari\u00e9n, ha finalizado con la conformaci\u00f3n de los equipos que participar\u00e1n en el torneo infanto-juvenil, en la quinta provincia.  <\/p>\n<p> Franklin Arrun\u00e1tegui, presidente de la Liga Provincial de Dari\u00e9n, coment\u00f3 que: \u00abSentimos la satisfacci\u00f3n de haber podido lograr la conformaci\u00f3n de m\u00e1s de 25 equipos que participar\u00e1n en nuestro torneo provincial&#8230; es la primera vez que, gracias a la FEPAFUT, logramos este hecho\u00bb.  <\/p>\n<p> De acuerdo con el dirigente darienita, son m\u00e1s de 400 ni\u00f1os y j\u00f3venes los que ver\u00e1n acci\u00f3n en ambos torneos.  <\/p>\n<p> Con la realizaci\u00f3n de este torneo, la Federaci\u00f3n Paname\u00f1a de F\u00fatbol (FEPAFUT) cumple con su compromiso de desarrollar el f\u00fatbol desde las bases en todas las provincias.  <\/p>\n<p> \u00a0  <\/p>\n","protected":false},"excerpt":{"rendered":"<p>Luego de un recorrido a nivel de toda la provincia <a href=\"https:\/\/sertv.gob.pa\/nacionalfm\/en-darien-conforman-equipos-para-torneo-infanto-juvenil-de-futbol\/\"> [&#8230;]<\/a><\/p>\n","protected":false},"author":1,"featured_media":19665,"comment_status":"closed","ping_status":"closed","sticky":false,"template":"","format":"standard","meta":{"footnotes":""},"categories":[4],"tags":[],"class_list":["post-19664","post","type-post","status-publish","format-standard","has-post-thumbnail","hentry","category-deportes"],"_links":{"self":[{"href":"https:\/\/sertv.gob.pa\/nacionalfm\/wp-json\/wp\/v2\/posts\/19664","targetHints":{"allow":["GET"]}}],"collection":[{"href":"https:\/\/sertv.gob.pa\/nacionalfm\/wp-json\/wp\/v2\/posts"}],"about":[{"href":"https:\/\/sertv.gob.pa\/nacionalfm\/wp-json\/wp\/v2\/types\/post"}],"author":[{"embeddable":true,"href":"https:\/\/sertv.gob.pa\/nacionalfm\/wp-json\/wp\/v2\/users\/1"}],"replies":[{"embeddable":true,"href":"https:\/\/sertv.gob.pa\/nacionalfm\/wp-json\/wp\/v2\/comments?post=19664"}],"version-history":[{"count":0,"href":"https:\/\/sertv.gob.pa\/nacionalfm\/wp-json\/wp\/v2\/posts\/19664\/revisions"}],"wp:featuredmedia":[{"embeddable":true,"href":"https:\/\/sertv.gob.pa\/nacionalfm\/wp-json\/wp\/v2\/media\/19665"}],"wp:attachment":[{"href":"https:\/\/sertv.gob.pa\/nacionalfm\/wp-json\/wp\/v2\/media?parent=19664"}],"wp:term":[{"taxonomy":"category","embeddable":true,"href":"https:\/\/sertv.gob.pa\/nacionalfm\/wp-json\/wp\/v2\/categories?post=19664"},{"taxonomy":"post_tag","embeddable":true,"href":"https:\/\/sertv.gob.pa\/nacionalfm\/wp-json\/wp\/v2\/tags?post=19664"}],"curies":[{"name":"wp","href":"https:\/\/api.w.org\/{rel}","templated":true}]}}