{"id":19666,"date":"2017-04-10T18:11:12","date_gmt":"2017-04-10T18:11:12","guid":{"rendered":""},"modified":"2017-04-10T18:11:12","modified_gmt":"2017-04-10T18:11:12","slug":"para-prevenir-la-depresion-mas-ejercicio-fisico","status":"publish","type":"post","link":"https:\/\/sertv.gob.pa\/nacionalfm\/para-prevenir-la-depresion-mas-ejercicio-fisico\/","title":{"rendered":"Para prevenir la depresi\u00f3n: m\u00e1s ejercicio f\u00edsico"},"content":{"rendered":"<p>\nEl consejero vasco de Salud,  Jon Darp\u00f3n , ha aconsejado a los ciudadanos  practicar actividad f\u00edsica de forma regular como f\u00f3rmula para evitar la depresi\u00f3n  y disminuir el peligro de sufrir otras dolencias cr\u00f3nicas. <\/p>\n<p>Darp\u00f3n ha ofrecido estos consejo luego de participar en la quinta edici\u00f3n del  Getxoko Oinez Bizi , un paseo de car\u00e1cter l\u00fadico en el que cientos de personas han visitados los enclaves m\u00e1s significativos del municipio de Getxo, mientras realizaban actividad f\u00edsica. <\/p>\n<p>La iniciativa se instaur\u00f3, seg\u00fan recuerda la consejer\u00eda vasca de Salud en un comunicado, para concienciar a los ciudadanos de todas las edades, de la conveniencia de practicar cualquier tipo de ejercicio f\u00edsico con car\u00e1cter diario porque \u00abser activos en el d\u00eda a d\u00eda ayuda a mejorar nuestra salud y sentirnos mejor\u00bb, seg\u00fan ha manifestado Darp\u00f3n al t\u00e9rmino del recorrido. <\/p>\n<p>El consejero vasco se ha mostrado satisfecho con la respuesta a la convocatoria, \u00ablo que demuestra, ha dicho, la implicaci\u00f3n y responsabilidad de las personas con respecto a su salud y la concienciaci\u00f3n cada vez mayor, de la necesidad de tener unas conductas y estilos de vida saludables\u00bb. <\/p>\n<p>\u00bb Getxotik Oinez Bizi &#8211; Paseo Saludable por Getxo\u00bb se celebra con car\u00e1cter anual para conmemorar el D\u00eda Mundial de la Actividad F\u00edsica  (6 de abril)  y el D\u00eda Mundial de la Salud  (7 de abril). <\/p>\n<p>Este a\u00f1o,  la Organizaci\u00f3n Mundial de la Salud, ha elegido como tema de su campa\u00f1a la depresi\u00f3n , una enfermedad mental que afecta a personas de todas las edades y condiciones sociales. <\/p>\n<p>\u00a0 <\/p>\n","protected":false},"excerpt":{"rendered":"<p>El consejero vasco de Salud, Jon Darp\u00f3n , ha aconsejado <a href=\"https:\/\/sertv.gob.pa\/nacionalfm\/para-prevenir-la-depresion-mas-ejercicio-fisico\/\"> [&#8230;]<\/a><\/p>\n","protected":false},"author":1,"featured_media":19667,"comment_status":"closed","ping_status":"closed","sticky":false,"template":"","format":"standard","meta":{"footnotes":""},"categories":[5],"tags":[],"class_list":["post-19666","post","type-post","status-publish","format-standard","has-post-thumbnail","hentry","category-salud"],"_links":{"self":[{"href":"https:\/\/sertv.gob.pa\/nacionalfm\/wp-json\/wp\/v2\/posts\/19666","targetHints":{"allow":["GET"]}}],"collection":[{"href":"https:\/\/sertv.gob.pa\/nacionalfm\/wp-json\/wp\/v2\/posts"}],"about":[{"href":"https:\/\/sertv.gob.pa\/nacionalfm\/wp-json\/wp\/v2\/types\/post"}],"author":[{"embeddable":true,"href":"https:\/\/sertv.gob.pa\/nacionalfm\/wp-json\/wp\/v2\/users\/1"}],"replies":[{"embeddable":true,"href":"https:\/\/sertv.gob.pa\/nacionalfm\/wp-json\/wp\/v2\/comments?post=19666"}],"version-history":[{"count":0,"href":"https:\/\/sertv.gob.pa\/nacionalfm\/wp-json\/wp\/v2\/posts\/19666\/revisions"}],"wp:featuredmedia":[{"embeddable":true,"href":"https:\/\/sertv.gob.pa\/nacionalfm\/wp-json\/wp\/v2\/media\/19667"}],"wp:attachment":[{"href":"https:\/\/sertv.gob.pa\/nacionalfm\/wp-json\/wp\/v2\/media?parent=19666"}],"wp:term":[{"taxonomy":"category","embeddable":true,"href":"https:\/\/sertv.gob.pa\/nacionalfm\/wp-json\/wp\/v2\/categories?post=19666"},{"taxonomy":"post_tag","embeddable":true,"href":"https:\/\/sertv.gob.pa\/nacionalfm\/wp-json\/wp\/v2\/tags?post=19666"}],"curies":[{"name":"wp","href":"https:\/\/api.w.org\/{rel}","templated":true}]}}