{"id":19710,"date":"2017-04-11T18:53:11","date_gmt":"2017-04-11T18:53:11","guid":{"rendered":""},"modified":"2017-04-11T18:53:11","modified_gmt":"2017-04-11T18:53:11","slug":"tres-afectados-por-hongo-candida-auris-en-el-santo-tomas","status":"publish","type":"post","link":"https:\/\/sertv.gob.pa\/nacionalfm\/tres-afectados-por-hongo-candida-auris-en-el-santo-tomas\/","title":{"rendered":"Tres afectados por hongo &#8216;Candida Auris&#8217; en el Santo Tom\u00e1s"},"content":{"rendered":"<p>\nTres personas han resultado positivas al hongo Candida Auris, confirm\u00f3 el ministro de Salud, Miguel Mayo. <\/p>\n<p>Mayo indic\u00f3 que estos pacientes se hallan bajo observaci\u00f3n y que no han presentado otras complicaciones severas en estos momentos. <\/p>\n<p>En tanto, igualmente se les dar\u00e1 seguimiento a los pacientes que estuvieron internados d\u00edas anteriores en el hospital. <\/p>\n<p>El Director M\u00e9dico del Santo Tom\u00e1s, \u00c1ngel Cede\u00f1o, dio a conocer \u00a0las medidas adoptadas por esta entidad para evitar la propagaci\u00f3n del hongo. <\/p>\n<p>Se restringen la rotaci\u00f3n de estudiantes de Medicina y uso de celulares en las salas.\u00a0 <\/p>\n<p>A\u00f1adi\u00f3 \u00a0la importancia de la limpieza de manos entre pacientes.\u00a0 <\/p>\n<p>\u00a0 <\/p>\n","protected":false},"excerpt":{"rendered":"<p>Tres personas han resultado positivas al hongo Candida Auris, confirm\u00f3 <a href=\"https:\/\/sertv.gob.pa\/nacionalfm\/tres-afectados-por-hongo-candida-auris-en-el-santo-tomas\/\"> [&#8230;]<\/a><\/p>\n","protected":false},"author":1,"featured_media":19711,"comment_status":"closed","ping_status":"closed","sticky":false,"template":"","format":"standard","meta":{"footnotes":""},"categories":[5],"tags":[],"class_list":["post-19710","post","type-post","status-publish","format-standard","has-post-thumbnail","hentry","category-salud"],"_links":{"self":[{"href":"https:\/\/sertv.gob.pa\/nacionalfm\/wp-json\/wp\/v2\/posts\/19710","targetHints":{"allow":["GET"]}}],"collection":[{"href":"https:\/\/sertv.gob.pa\/nacionalfm\/wp-json\/wp\/v2\/posts"}],"about":[{"href":"https:\/\/sertv.gob.pa\/nacionalfm\/wp-json\/wp\/v2\/types\/post"}],"author":[{"embeddable":true,"href":"https:\/\/sertv.gob.pa\/nacionalfm\/wp-json\/wp\/v2\/users\/1"}],"replies":[{"embeddable":true,"href":"https:\/\/sertv.gob.pa\/nacionalfm\/wp-json\/wp\/v2\/comments?post=19710"}],"version-history":[{"count":0,"href":"https:\/\/sertv.gob.pa\/nacionalfm\/wp-json\/wp\/v2\/posts\/19710\/revisions"}],"wp:featuredmedia":[{"embeddable":true,"href":"https:\/\/sertv.gob.pa\/nacionalfm\/wp-json\/wp\/v2\/media\/19711"}],"wp:attachment":[{"href":"https:\/\/sertv.gob.pa\/nacionalfm\/wp-json\/wp\/v2\/media?parent=19710"}],"wp:term":[{"taxonomy":"category","embeddable":true,"href":"https:\/\/sertv.gob.pa\/nacionalfm\/wp-json\/wp\/v2\/categories?post=19710"},{"taxonomy":"post_tag","embeddable":true,"href":"https:\/\/sertv.gob.pa\/nacionalfm\/wp-json\/wp\/v2\/tags?post=19710"}],"curies":[{"name":"wp","href":"https:\/\/api.w.org\/{rel}","templated":true}]}}