{"id":19739,"date":"2017-04-12T18:14:33","date_gmt":"2017-04-12T18:14:33","guid":{"rendered":""},"modified":"2017-04-12T18:14:33","modified_gmt":"2017-04-12T18:14:33","slug":"campana-mundial-contra-el-ruido","status":"publish","type":"post","link":"https:\/\/sertv.gob.pa\/nacionalfm\/campana-mundial-contra-el-ruido\/","title":{"rendered":"Campa\u00f1a mundial contra el ruido"},"content":{"rendered":"<p>\nEl pr\u00f3ximo 26 de abril, Panam\u00e1 se une a la celebraci\u00f3n del D\u00eda Internacional de Conciencia sobre el Ruido con una campa\u00f1a contra el ruido, inform\u00f3 la Fundaci\u00f3n O\u00edr es Vivir, organizadora de la iniciativa. <\/p>\n<p>En su vig\u00e9sima segunda versi\u00f3n, este a\u00f1o el D\u00eda Internacional de Conciencia sobre el Ruido se celebrar\u00e1 alrededor del mundo el mi\u00e9rcoles 26 de abril, invitando a guardar un minuto de silencio entre las 2:15 p.m. y 2:16 p.m., en hogares, instituciones, colegios, restaurante, empresas, comunidades y ciudades en general. La campa\u00f1a tiene como prop\u00f3sito alertar sobre los efectos adversos para el bienestar y la salud de las personas. <\/p>\n<p>Giovanna Troncoso, presidenta de la Fundaci\u00f3n O\u00edr es Vivir manifest\u00f3 en un comunicado que la campa\u00f1a tiene como objetivo educar a miles de paname\u00f1os respecto al peligro de p\u00e9rdidas auditivas a causa del ruido. <\/p>\n<p>Seg\u00fan la directora de la organizaci\u00f3n Mundial de la Salud, en Europa, Zsuzsana Jakab, la contaminaci\u00f3n ac\u00fastica (o por ruido) en las ciudades es la segunda causa de enfermedad por motivos medioambientales, por detr\u00e1s de la poluci\u00f3n atmosf\u00e9rica, reportan medios internacionales. <\/p>\n<p>El t\u00e9rmino &lsquo;contaminaci\u00f3n ac\u00fastica&#8217; hace referencia al ruido (como el sonido excesivo y molesto), provocado por las actividades humanas (tr\u00e1fico, industrias, locales de ocio, aviones, barcos, y otros) que produce efectos negativos sobre la salud auditiva, f\u00edsica y mental de los seres vivos. <\/p>\n<p>El d\u00eda internacional del ruido fue creado en 1996 por el Center of Hearing and Communication y se celebra el \u00faltimo mi\u00e9rcoles de abril, de cada a\u00f1o. <\/p>\n<p>\u00a0 <\/p>\n","protected":false},"excerpt":{"rendered":"<p>El pr\u00f3ximo 26 de abril, Panam\u00e1 se une a la <a href=\"https:\/\/sertv.gob.pa\/nacionalfm\/campana-mundial-contra-el-ruido\/\"> [&#8230;]<\/a><\/p>\n","protected":false},"author":1,"featured_media":19740,"comment_status":"closed","ping_status":"closed","sticky":false,"template":"","format":"standard","meta":{"footnotes":""},"categories":[5],"tags":[],"class_list":["post-19739","post","type-post","status-publish","format-standard","has-post-thumbnail","hentry","category-salud"],"_links":{"self":[{"href":"https:\/\/sertv.gob.pa\/nacionalfm\/wp-json\/wp\/v2\/posts\/19739","targetHints":{"allow":["GET"]}}],"collection":[{"href":"https:\/\/sertv.gob.pa\/nacionalfm\/wp-json\/wp\/v2\/posts"}],"about":[{"href":"https:\/\/sertv.gob.pa\/nacionalfm\/wp-json\/wp\/v2\/types\/post"}],"author":[{"embeddable":true,"href":"https:\/\/sertv.gob.pa\/nacionalfm\/wp-json\/wp\/v2\/users\/1"}],"replies":[{"embeddable":true,"href":"https:\/\/sertv.gob.pa\/nacionalfm\/wp-json\/wp\/v2\/comments?post=19739"}],"version-history":[{"count":0,"href":"https:\/\/sertv.gob.pa\/nacionalfm\/wp-json\/wp\/v2\/posts\/19739\/revisions"}],"wp:featuredmedia":[{"embeddable":true,"href":"https:\/\/sertv.gob.pa\/nacionalfm\/wp-json\/wp\/v2\/media\/19740"}],"wp:attachment":[{"href":"https:\/\/sertv.gob.pa\/nacionalfm\/wp-json\/wp\/v2\/media?parent=19739"}],"wp:term":[{"taxonomy":"category","embeddable":true,"href":"https:\/\/sertv.gob.pa\/nacionalfm\/wp-json\/wp\/v2\/categories?post=19739"},{"taxonomy":"post_tag","embeddable":true,"href":"https:\/\/sertv.gob.pa\/nacionalfm\/wp-json\/wp\/v2\/tags?post=19739"}],"curies":[{"name":"wp","href":"https:\/\/api.w.org\/{rel}","templated":true}]}}