{"id":19743,"date":"2017-04-12T18:29:02","date_gmt":"2017-04-12T18:29:02","guid":{"rendered":""},"modified":"2017-04-12T18:29:02","modified_gmt":"2017-04-12T18:29:02","slug":"cuidemos-de-las-encias","status":"publish","type":"post","link":"https:\/\/sertv.gob.pa\/nacionalfm\/cuidemos-de-las-encias\/","title":{"rendered":"Cuidemos de las enc\u00edas"},"content":{"rendered":"<p>\nCuando se habla de  higiene bucal , las personas siempre piensan en el cepillado de los dientes y de la lengua. Pero la higiene integral de esta zona es m\u00e1s abarcante. <\/p>\n<p>La enc\u00eda se divide en dos partes: la enc\u00eda libre y la enc\u00eda insertada. Ambas se combinan para formar la enc\u00eda papilar, cuya funci\u00f3n es evitar el impacto de la comida en la zona interproximal bajo el \u00e1rea de contacto con los dientes para que no se llegue a formar ninguna enfermedad periodontal, como la gingivitis. <\/p>\n<p>Los signos y s\u00edntomas cl\u00e1sicos de la gingivitis son las enc\u00edas rojas, hinchadas y sensibles que pueden sangrar cuando se cepillan.\u00a0 <\/p>\n<p>Otro signo de  enfermedad en las enc\u00edas , es que pueden provocar mal aliento o mal gusto recurrente a\u00fan cuando la enfermedad no est\u00e9 avanzada. <\/p>\n<p>Lo ideal es cepillarse despu\u00e9s de cada comida por lo menos cinco minutos por vez.  El cepillado  deber\u00e1 ejecutarse con suavidad para evitar da\u00f1ar las enc\u00edas.\u00a0 <\/p>\n<p>Por \u00faltimo, es esencial visitar al dentista con regularidad y as\u00ed prevenir cualquier enfermedad que pueda afectar a la salud bucal. <\/p>\n<p>\u00a0 <\/p>\n","protected":false},"excerpt":{"rendered":"<p>Cuando se habla de higiene bucal , las personas siempre <a href=\"https:\/\/sertv.gob.pa\/nacionalfm\/cuidemos-de-las-encias\/\"> [&#8230;]<\/a><\/p>\n","protected":false},"author":1,"featured_media":19744,"comment_status":"closed","ping_status":"closed","sticky":false,"template":"","format":"standard","meta":{"footnotes":""},"categories":[5],"tags":[],"class_list":["post-19743","post","type-post","status-publish","format-standard","has-post-thumbnail","hentry","category-salud"],"_links":{"self":[{"href":"https:\/\/sertv.gob.pa\/nacionalfm\/wp-json\/wp\/v2\/posts\/19743","targetHints":{"allow":["GET"]}}],"collection":[{"href":"https:\/\/sertv.gob.pa\/nacionalfm\/wp-json\/wp\/v2\/posts"}],"about":[{"href":"https:\/\/sertv.gob.pa\/nacionalfm\/wp-json\/wp\/v2\/types\/post"}],"author":[{"embeddable":true,"href":"https:\/\/sertv.gob.pa\/nacionalfm\/wp-json\/wp\/v2\/users\/1"}],"replies":[{"embeddable":true,"href":"https:\/\/sertv.gob.pa\/nacionalfm\/wp-json\/wp\/v2\/comments?post=19743"}],"version-history":[{"count":0,"href":"https:\/\/sertv.gob.pa\/nacionalfm\/wp-json\/wp\/v2\/posts\/19743\/revisions"}],"wp:featuredmedia":[{"embeddable":true,"href":"https:\/\/sertv.gob.pa\/nacionalfm\/wp-json\/wp\/v2\/media\/19744"}],"wp:attachment":[{"href":"https:\/\/sertv.gob.pa\/nacionalfm\/wp-json\/wp\/v2\/media?parent=19743"}],"wp:term":[{"taxonomy":"category","embeddable":true,"href":"https:\/\/sertv.gob.pa\/nacionalfm\/wp-json\/wp\/v2\/categories?post=19743"},{"taxonomy":"post_tag","embeddable":true,"href":"https:\/\/sertv.gob.pa\/nacionalfm\/wp-json\/wp\/v2\/tags?post=19743"}],"curies":[{"name":"wp","href":"https:\/\/api.w.org\/{rel}","templated":true}]}}