{"id":19762,"date":"2017-04-13T15:02:55","date_gmt":"2017-04-13T15:02:55","guid":{"rendered":""},"modified":"2017-04-13T15:02:55","modified_gmt":"2017-04-13T15:02:55","slug":"la-hemofilia","status":"publish","type":"post","link":"https:\/\/sertv.gob.pa\/nacionalfm\/la-hemofilia\/","title":{"rendered":"La Hemofilia"},"content":{"rendered":"<p>\nA la alteraci\u00f3n en la coagulaci\u00f3n de la sangre ocasionada por un defecto gen\u00e9tico ligado al cromosoma X se le conoce como hemofilia, una enfermedad que transmite la madre sana al hijo var\u00f3n. <\/p>\n<p>&lsquo;Las personas con hemofilia no tienen suficiente factor de coagulaci\u00f3n, una prote\u00edna de la sangre que controla las hemorragias. La severidad de la hemofilia de una persona depende de la cantidad de factor faltante. Un hemof\u00edlico no sangra m\u00e1s r\u00e1pido que otra persona, sino que el sangrado podr\u00eda durar m\u00e1s tiempo de lo normal y esa persona si no es atendida a tiempo podr\u00eda morir&#8217;, expres\u00f3 el hemat\u00f3logo Danny Ugalde Solera, durante el Foro Salud, Conocimiento e Innovaci\u00f3n (SCI) Pfizer, efectuado en Costa Rica. <\/p>\n<p>El hemat\u00f3logo explic\u00f3 que entre las principales manifestaciones de hemofilia est\u00e1n los sangrados en cualquier parte del cuerpo; pero el peligro radica en hemorragias internas no controladas, surgidas de forma espont\u00e1nea o a causa de una lesi\u00f3n. <\/p>\n<p>&lsquo;Los sangrados en las articulaciones y m\u00fasculos son los que causan al paciente m\u00e1s dolor, da\u00f1o articular severo y discapacidad a largo plazo&#8217;, agreg\u00f3. <\/p>\n<p>Seg\u00fan la Federaci\u00f3n Mundial de Hemofilia (FMH), este trastorno afecta a una de cada diez mil personas. Quienes la padecen presentan insuficiencia de factor VIII de coagulaci\u00f3n (hemofilia A) o factor IX (hemofilia B) en su sangre. <\/p>\n<p>\u00a0 <\/p>\n","protected":false},"excerpt":{"rendered":"<p>A la alteraci\u00f3n en la coagulaci\u00f3n de la sangre ocasionada <a href=\"https:\/\/sertv.gob.pa\/nacionalfm\/la-hemofilia\/\"> [&#8230;]<\/a><\/p>\n","protected":false},"author":1,"featured_media":19763,"comment_status":"closed","ping_status":"closed","sticky":false,"template":"","format":"standard","meta":{"footnotes":""},"categories":[5],"tags":[],"class_list":["post-19762","post","type-post","status-publish","format-standard","has-post-thumbnail","hentry","category-salud"],"_links":{"self":[{"href":"https:\/\/sertv.gob.pa\/nacionalfm\/wp-json\/wp\/v2\/posts\/19762","targetHints":{"allow":["GET"]}}],"collection":[{"href":"https:\/\/sertv.gob.pa\/nacionalfm\/wp-json\/wp\/v2\/posts"}],"about":[{"href":"https:\/\/sertv.gob.pa\/nacionalfm\/wp-json\/wp\/v2\/types\/post"}],"author":[{"embeddable":true,"href":"https:\/\/sertv.gob.pa\/nacionalfm\/wp-json\/wp\/v2\/users\/1"}],"replies":[{"embeddable":true,"href":"https:\/\/sertv.gob.pa\/nacionalfm\/wp-json\/wp\/v2\/comments?post=19762"}],"version-history":[{"count":0,"href":"https:\/\/sertv.gob.pa\/nacionalfm\/wp-json\/wp\/v2\/posts\/19762\/revisions"}],"wp:featuredmedia":[{"embeddable":true,"href":"https:\/\/sertv.gob.pa\/nacionalfm\/wp-json\/wp\/v2\/media\/19763"}],"wp:attachment":[{"href":"https:\/\/sertv.gob.pa\/nacionalfm\/wp-json\/wp\/v2\/media?parent=19762"}],"wp:term":[{"taxonomy":"category","embeddable":true,"href":"https:\/\/sertv.gob.pa\/nacionalfm\/wp-json\/wp\/v2\/categories?post=19762"},{"taxonomy":"post_tag","embeddable":true,"href":"https:\/\/sertv.gob.pa\/nacionalfm\/wp-json\/wp\/v2\/tags?post=19762"}],"curies":[{"name":"wp","href":"https:\/\/api.w.org\/{rel}","templated":true}]}}