{"id":19778,"date":"2017-04-17T15:13:15","date_gmt":"2017-04-17T15:13:15","guid":{"rendered":""},"modified":"2017-04-17T15:13:15","modified_gmt":"2017-04-17T15:13:15","slug":"3-empresas-interesadas-en-proyecto-de-renovacion-deportiva-de-colon","status":"publish","type":"post","link":"https:\/\/sertv.gob.pa\/nacionalfm\/3-empresas-interesadas-en-proyecto-de-renovacion-deportiva-de-colon\/","title":{"rendered":"3 empresas interesadas en proyecto de renovaci\u00f3n deportiva de Col\u00f3n"},"content":{"rendered":"<p>\nPara el proyecto Renovaci\u00f3n Deportiva de la ciudad de Col\u00f3n, se han presentado ofertas de licitaci\u00f3n p\u00fablica tres empresas, que involucra principalmente la construcci\u00f3n del nuevo estadio de b\u00e9isbol Roberto Mariano Bula. <\/p>\n<p>El Consorcio Col\u00f3n 2017 present\u00f3 una propuesta por un monto de 15 millones 591 mil 271 balboas con 76 cent\u00e9simos; el Consorcio Deportivo Nuevo Col\u00f3n por 15 millones 641 mil 900 balboas; y el Consorcio Renovaci\u00f3n Deportiva de Col\u00f3n por 15 millones 570 mil 470 balboas con 68 cent\u00e9simos, cumpliendo los tres con el bono de fianza de un mill\u00f3n 564 mil 200 balboas, pero superando el precio oficial de referencia de este proyecto establecido en 14 millones 220 balboas. <\/p>\n<p>Las ofertas presentadas por estos consorcios pasan ahora a la consideraci\u00f3n de una Comisi\u00f3n Evaluadora que, teniendo en cuenta que el pliego permite un porcentaje de riesgo y onerosidad, ponderar\u00e1 en base a puntajes establecidos del precio de la propuesta, capacidad t\u00e9cnica, capacidad administrativa y capacidad financiera, la adjudicaci\u00f3n final del que obtenga el derecho de desarrollar este proyecto deportivo. <\/p>\n<p>Las obras contempladas en el proyecto Renovaci\u00f3n Deportiva de Col\u00f3n, abarcan el estudio, dise\u00f1o y construcci\u00f3n del estadio Roberto Mariano Bula, que adem\u00e1s del campo de juego en base a especificaciones de la Major League Baseball (MLB), incluye jaula de bateo, mont\u00edculos de calentamiento, grader\u00edas, vestidores, dogauts, palcos vip, casetas de transmisi\u00f3n, oficina administrativa, ba\u00f1os p\u00fablicos, tambi\u00e9n en su \u00e1rea perimetral la instalaci\u00f3n de una pista de salto de longitud y la construcci\u00f3n de un gimnasio multiuso. <\/p>\n<p>El proyecto adem\u00e1s contempla la rehabilitaci\u00f3n del estadio de softbol y b\u00e9isbol infantil Jaime V\u00e9lez y la instalaci\u00f3n de una grada con butacas con capacidad para 800 personas en el estadio Armando Dely Vald\u00e9s. <\/p>\n<p>\u00a0 <\/p>\n","protected":false},"excerpt":{"rendered":"<p>Para el proyecto Renovaci\u00f3n Deportiva de la ciudad de Col\u00f3n, <a href=\"https:\/\/sertv.gob.pa\/nacionalfm\/3-empresas-interesadas-en-proyecto-de-renovacion-deportiva-de-colon\/\"> [&#8230;]<\/a><\/p>\n","protected":false},"author":1,"featured_media":19779,"comment_status":"closed","ping_status":"closed","sticky":false,"template":"","format":"standard","meta":{"footnotes":""},"categories":[4],"tags":[],"class_list":["post-19778","post","type-post","status-publish","format-standard","has-post-thumbnail","hentry","category-deportes"],"_links":{"self":[{"href":"https:\/\/sertv.gob.pa\/nacionalfm\/wp-json\/wp\/v2\/posts\/19778","targetHints":{"allow":["GET"]}}],"collection":[{"href":"https:\/\/sertv.gob.pa\/nacionalfm\/wp-json\/wp\/v2\/posts"}],"about":[{"href":"https:\/\/sertv.gob.pa\/nacionalfm\/wp-json\/wp\/v2\/types\/post"}],"author":[{"embeddable":true,"href":"https:\/\/sertv.gob.pa\/nacionalfm\/wp-json\/wp\/v2\/users\/1"}],"replies":[{"embeddable":true,"href":"https:\/\/sertv.gob.pa\/nacionalfm\/wp-json\/wp\/v2\/comments?post=19778"}],"version-history":[{"count":0,"href":"https:\/\/sertv.gob.pa\/nacionalfm\/wp-json\/wp\/v2\/posts\/19778\/revisions"}],"wp:featuredmedia":[{"embeddable":true,"href":"https:\/\/sertv.gob.pa\/nacionalfm\/wp-json\/wp\/v2\/media\/19779"}],"wp:attachment":[{"href":"https:\/\/sertv.gob.pa\/nacionalfm\/wp-json\/wp\/v2\/media?parent=19778"}],"wp:term":[{"taxonomy":"category","embeddable":true,"href":"https:\/\/sertv.gob.pa\/nacionalfm\/wp-json\/wp\/v2\/categories?post=19778"},{"taxonomy":"post_tag","embeddable":true,"href":"https:\/\/sertv.gob.pa\/nacionalfm\/wp-json\/wp\/v2\/tags?post=19778"}],"curies":[{"name":"wp","href":"https:\/\/api.w.org\/{rel}","templated":true}]}}