{"id":19786,"date":"2017-04-17T16:21:03","date_gmt":"2017-04-17T16:21:03","guid":{"rendered":""},"modified":"2017-04-17T16:21:03","modified_gmt":"2017-04-17T16:21:03","slug":"juan-carlos-cubilla-hace-convocatoria-para-jugadores-sub-20","status":"publish","type":"post","link":"https:\/\/sertv.gob.pa\/nacionalfm\/juan-carlos-cubilla-hace-convocatoria-para-jugadores-sub-20\/","title":{"rendered":"Juan Carlos Cubilla hace convocatoria para jugadores Sub-20"},"content":{"rendered":"<p>\nJuan Carlos Cubilla director t\u00e9cnico del Seleccionado Nacional Sub-17, dio a conocer listado de 20 jugadores para el Campeonato Sub-17 de CONCACAF, que efectuar\u00e1 en Panam\u00e1 del 21 de abril a 7 de mayo pr\u00f3ximo. <\/p>\n<p>Como porteros convoc\u00f3 a Jorginho F\u00edas de Costa del Este y del mismo equipo Alejandro F\u00e1brega. <\/p>\n<p>Como defensas Jorge Barr\u00eda del Plaza Amador, Soyell Trejos del \u00c1rabe Unido, Humberto Harding de Costa del Este, Rangel Guzm\u00e1n de Tierra Firme, Carlos Peralta del Atl\u00e9tico Verag\u00fcense. <\/p>\n<p>Los volantes son Alberts Fruto del Sporting San Miguelito, \u00c1ngel P\u00e9rez del mismo equipo \u00c1ngel P\u00e9rez y \u00c1ngel Orelien, Edgar Cunningham del \u00c1rabe Unido, Diego Valanta y V\u00edctor Griffith del Tauro FC, Adair Cundumi de Costa del Este y Jorge M\u00e9ndez del Chorrillo. <\/p>\n<p>\u00a0A la punta estar\u00e1n jugando Jorge Clement del Tauro, Rain el Rivas del Deportivo Municipal de San Miguelito, Jameel Lynch del Plaza Amador, Eduardo Guerrero del Chorrillo y Newton Williams de Costa del Este. <\/p>\n<p>La Selecci\u00f3n Nacional entrenar\u00e1 este lunes en el Estadio Luis Ernesto &lsquo;Cascarita&rsquo; Tapia esta tarde a las 4:00 p.m., concluida la sesi\u00f3n el equipo se concentrar\u00e1 en el Hotel Westin Playa Bonita. <\/p>\n<p>Los partidos de Panam\u00e1 en este torneo son ante Honduras, el d\u00eda 21; contra Hait\u00ed, el 24, y frente a Curazao, el 27 de abril. <\/p>\n<p>\u00a0 <\/p>\n<p>\u00a0 <\/p>\n<p>\u00a0 <\/p>\n<p>\u00a0 <\/p>\n","protected":false},"excerpt":{"rendered":"<p>Juan Carlos Cubilla director t\u00e9cnico del Seleccionado Nacional Sub-17, dio <a href=\"https:\/\/sertv.gob.pa\/nacionalfm\/juan-carlos-cubilla-hace-convocatoria-para-jugadores-sub-20\/\"> [&#8230;]<\/a><\/p>\n","protected":false},"author":1,"featured_media":19787,"comment_status":"closed","ping_status":"closed","sticky":false,"template":"","format":"standard","meta":{"footnotes":""},"categories":[4],"tags":[],"class_list":["post-19786","post","type-post","status-publish","format-standard","has-post-thumbnail","hentry","category-deportes"],"_links":{"self":[{"href":"https:\/\/sertv.gob.pa\/nacionalfm\/wp-json\/wp\/v2\/posts\/19786","targetHints":{"allow":["GET"]}}],"collection":[{"href":"https:\/\/sertv.gob.pa\/nacionalfm\/wp-json\/wp\/v2\/posts"}],"about":[{"href":"https:\/\/sertv.gob.pa\/nacionalfm\/wp-json\/wp\/v2\/types\/post"}],"author":[{"embeddable":true,"href":"https:\/\/sertv.gob.pa\/nacionalfm\/wp-json\/wp\/v2\/users\/1"}],"replies":[{"embeddable":true,"href":"https:\/\/sertv.gob.pa\/nacionalfm\/wp-json\/wp\/v2\/comments?post=19786"}],"version-history":[{"count":0,"href":"https:\/\/sertv.gob.pa\/nacionalfm\/wp-json\/wp\/v2\/posts\/19786\/revisions"}],"wp:featuredmedia":[{"embeddable":true,"href":"https:\/\/sertv.gob.pa\/nacionalfm\/wp-json\/wp\/v2\/media\/19787"}],"wp:attachment":[{"href":"https:\/\/sertv.gob.pa\/nacionalfm\/wp-json\/wp\/v2\/media?parent=19786"}],"wp:term":[{"taxonomy":"category","embeddable":true,"href":"https:\/\/sertv.gob.pa\/nacionalfm\/wp-json\/wp\/v2\/categories?post=19786"},{"taxonomy":"post_tag","embeddable":true,"href":"https:\/\/sertv.gob.pa\/nacionalfm\/wp-json\/wp\/v2\/tags?post=19786"}],"curies":[{"name":"wp","href":"https:\/\/api.w.org\/{rel}","templated":true}]}}