{"id":1980,"date":"2014-10-10T05:00:00","date_gmt":"2014-10-10T05:00:00","guid":{"rendered":""},"modified":"2014-10-10T05:00:00","modified_gmt":"2014-10-10T05:00:00","slug":"minsa-inicia-uso-de-rodenticidas-para-erradicar-virus-hanta","status":"publish","type":"post","link":"https:\/\/sertv.gob.pa\/nacionalfm\/minsa-inicia-uso-de-rodenticidas-para-erradicar-virus-hanta\/","title":{"rendered":"Minsa inicia uso de rodenticidas para erradicar virus hanta"},"content":{"rendered":"<p>\nA partir de hoy, viernes 10 de octubre, funcionarios del Ministerio de\u00a0Salud\u00a0de la provincia de Los Santos comenzar\u00e1n la aplicaci\u00f3n de cebos rodenticidas en el distrito de Tonos\u00ed, para reducir la cantidad de ratones portadores del virus hanta, dio a conocer Nahir Cede\u00f1o, directora regional de salud en la provincia. <\/p>\n<p>En lo que va del a\u00f1o el virus hanta ha ocasionado el deceso de dos sante\u00f1os y ha enfermado a otras 61 personas. <\/p>\n<p>Ayer, jueves 9 de octubre, se report\u00f3 que una f\u00e9mina de 24 a\u00f1os de edad, procedente de la comunidad de R\u00edo Viejo del Solar de Tonos\u00ed, se halla recluida en la sala de cuidados intensivos del hospital Joaqu\u00edn Pablo Franco Sayas, con el s\u00edndrome cardiopulmonar por virus hanta (SCPH). <\/p>\n<p>\u00a0 <\/p>\n","protected":false},"excerpt":{"rendered":"<p>A partir de hoy, viernes 10 de octubre, funcionarios del <a href=\"https:\/\/sertv.gob.pa\/nacionalfm\/minsa-inicia-uso-de-rodenticidas-para-erradicar-virus-hanta\/\"> [&#8230;]<\/a><\/p>\n","protected":false},"author":1,"featured_media":1981,"comment_status":"closed","ping_status":"closed","sticky":false,"template":"","format":"standard","meta":{"footnotes":""},"categories":[5],"tags":[],"class_list":["post-1980","post","type-post","status-publish","format-standard","has-post-thumbnail","hentry","category-salud"],"_links":{"self":[{"href":"https:\/\/sertv.gob.pa\/nacionalfm\/wp-json\/wp\/v2\/posts\/1980","targetHints":{"allow":["GET"]}}],"collection":[{"href":"https:\/\/sertv.gob.pa\/nacionalfm\/wp-json\/wp\/v2\/posts"}],"about":[{"href":"https:\/\/sertv.gob.pa\/nacionalfm\/wp-json\/wp\/v2\/types\/post"}],"author":[{"embeddable":true,"href":"https:\/\/sertv.gob.pa\/nacionalfm\/wp-json\/wp\/v2\/users\/1"}],"replies":[{"embeddable":true,"href":"https:\/\/sertv.gob.pa\/nacionalfm\/wp-json\/wp\/v2\/comments?post=1980"}],"version-history":[{"count":0,"href":"https:\/\/sertv.gob.pa\/nacionalfm\/wp-json\/wp\/v2\/posts\/1980\/revisions"}],"wp:featuredmedia":[{"embeddable":true,"href":"https:\/\/sertv.gob.pa\/nacionalfm\/wp-json\/wp\/v2\/media\/1981"}],"wp:attachment":[{"href":"https:\/\/sertv.gob.pa\/nacionalfm\/wp-json\/wp\/v2\/media?parent=1980"}],"wp:term":[{"taxonomy":"category","embeddable":true,"href":"https:\/\/sertv.gob.pa\/nacionalfm\/wp-json\/wp\/v2\/categories?post=1980"},{"taxonomy":"post_tag","embeddable":true,"href":"https:\/\/sertv.gob.pa\/nacionalfm\/wp-json\/wp\/v2\/tags?post=1980"}],"curies":[{"name":"wp","href":"https:\/\/api.w.org\/{rel}","templated":true}]}}