{"id":19804,"date":"2017-04-17T18:19:30","date_gmt":"2017-04-17T18:19:30","guid":{"rendered":""},"modified":"2017-04-17T18:19:30","modified_gmt":"2017-04-17T18:19:30","slug":"el-cancer-de-tiroides-en-aumento","status":"publish","type":"post","link":"https:\/\/sertv.gob.pa\/nacionalfm\/el-cancer-de-tiroides-en-aumento\/","title":{"rendered":"El c\u00e1ncer de tiroides en aumento"},"content":{"rendered":"<p>\nInvestigadores de la Universidad de Duke, en Carolina del Norte, junto con epidemi\u00f3logos del Instituto Nacional de C\u00e1ncer de Estados Unidos, alertaron sobre el incremento en la incidencia de esta patolog\u00eda que est\u00e1 creciendo m\u00e1s r\u00e1pidamente que cualquier otro carcinoma. El estudio demostr\u00f3 que entre 1975 y 2013, los casos diagnosticados de c\u00e1ncer de tiroides aumentaron al triple cada a\u00f1o. <\/p>\n<p>Se analizaron m\u00e1s de 77.000 casos de c\u00e1ncer de tiroides a lo largo de ese periodo y los investigadores observaron adem\u00e1s que entre 1994 y 2013, la enfermedad no solo aumentaba aproximadamente un tres por ciento cada a\u00f1o, sino que las muertes por este c\u00e1ncer, que es uno de los m\u00e1s tratables, igualmente se incrementaron casi en un uno por ciento anualmente. <\/p>\n<p>\u00a0 <\/p>\n","protected":false},"excerpt":{"rendered":"<p>Investigadores de la Universidad de Duke, en Carolina del Norte, <a href=\"https:\/\/sertv.gob.pa\/nacionalfm\/el-cancer-de-tiroides-en-aumento\/\"> [&#8230;]<\/a><\/p>\n","protected":false},"author":1,"featured_media":19805,"comment_status":"closed","ping_status":"closed","sticky":false,"template":"","format":"standard","meta":{"footnotes":""},"categories":[5],"tags":[],"class_list":["post-19804","post","type-post","status-publish","format-standard","has-post-thumbnail","hentry","category-salud"],"_links":{"self":[{"href":"https:\/\/sertv.gob.pa\/nacionalfm\/wp-json\/wp\/v2\/posts\/19804","targetHints":{"allow":["GET"]}}],"collection":[{"href":"https:\/\/sertv.gob.pa\/nacionalfm\/wp-json\/wp\/v2\/posts"}],"about":[{"href":"https:\/\/sertv.gob.pa\/nacionalfm\/wp-json\/wp\/v2\/types\/post"}],"author":[{"embeddable":true,"href":"https:\/\/sertv.gob.pa\/nacionalfm\/wp-json\/wp\/v2\/users\/1"}],"replies":[{"embeddable":true,"href":"https:\/\/sertv.gob.pa\/nacionalfm\/wp-json\/wp\/v2\/comments?post=19804"}],"version-history":[{"count":0,"href":"https:\/\/sertv.gob.pa\/nacionalfm\/wp-json\/wp\/v2\/posts\/19804\/revisions"}],"wp:featuredmedia":[{"embeddable":true,"href":"https:\/\/sertv.gob.pa\/nacionalfm\/wp-json\/wp\/v2\/media\/19805"}],"wp:attachment":[{"href":"https:\/\/sertv.gob.pa\/nacionalfm\/wp-json\/wp\/v2\/media?parent=19804"}],"wp:term":[{"taxonomy":"category","embeddable":true,"href":"https:\/\/sertv.gob.pa\/nacionalfm\/wp-json\/wp\/v2\/categories?post=19804"},{"taxonomy":"post_tag","embeddable":true,"href":"https:\/\/sertv.gob.pa\/nacionalfm\/wp-json\/wp\/v2\/tags?post=19804"}],"curies":[{"name":"wp","href":"https:\/\/api.w.org\/{rel}","templated":true}]}}