{"id":19806,"date":"2017-04-17T18:28:40","date_gmt":"2017-04-17T18:28:40","guid":{"rendered":""},"modified":"2017-04-17T18:28:40","modified_gmt":"2017-04-17T18:28:40","slug":"fepafut-y-lpf-lamentan-fallecimiento-de-amilcar-henriquez","status":"publish","type":"post","link":"https:\/\/sertv.gob.pa\/nacionalfm\/fepafut-y-lpf-lamentan-fallecimiento-de-amilcar-henriquez\/","title":{"rendered":"FEPAFUT y LPF lamentan fallecimiento de Am\u00edlcar Henr\u00edquez"},"content":{"rendered":"<p>\nLa Federaci\u00f3n Paname\u00f1a de F\u00fatbol y la Liga Paname\u00f1a de F\u00fatbol lamentaron los hechos del reciente fallecimiento del futbolista Am\u00edlcar Henr\u00edquez. <\/p>\n<p>Am\u00edlcar Henr\u00edquez nacido en la provincia de Col\u00f3n debut\u00f3 en la selecci\u00f3n mayor el 19 de febrero de 2005 en un partido ante el Salvador. En total jug\u00f3 83 partidos con la camiseta nacional entre amistosos, eliminatorias mundialistas, Copa Oro, Copa Centroamericana torneo que gan\u00f3 en 2009, y la Copa Am\u00e9rica Centenario. <\/p>\n<p>Al momento de su fallecimiento, Henr\u00edquez pertenec\u00eda a las filas del quince veces campe\u00f3n del f\u00fatbol profesional paname\u00f1o (ANAPROF y LPF), el Deportivo \u00c1rabe Unido de su natal Col\u00f3n, adem\u00e1s de haber jugado en clubes de Colombia tales como Atl\u00e9tico Huila, Deportivo Independiente Medell\u00edn, Real Cartagena y Am\u00e9rica de Cali, as\u00ed como con el Santacruce\u00f1a de Costa Rica. <\/p>\n<p>La FEPAFUT y la LPF lamentan los hechos de violencia en general y en particular aquellos en los que se pierde la vida de un deportista de \u00e9lite como lo fue Am\u00edlcar y queda a la espera del resultado que arrojen las investigaciones que lleven a cabo las autoridades. <\/p>\n<p>Se le extienden las condolencias a sus familiares y se le pide al Todopoderoso les de resignaci\u00f3n en este momento doloroso. <\/p>\n<p>\u00a0 <\/p>\n<p>\u00a0 <\/p>\n","protected":false},"excerpt":{"rendered":"<p>La Federaci\u00f3n Paname\u00f1a de F\u00fatbol y la Liga Paname\u00f1a de <a href=\"https:\/\/sertv.gob.pa\/nacionalfm\/fepafut-y-lpf-lamentan-fallecimiento-de-amilcar-henriquez\/\"> [&#8230;]<\/a><\/p>\n","protected":false},"author":1,"featured_media":19807,"comment_status":"closed","ping_status":"closed","sticky":false,"template":"","format":"standard","meta":{"footnotes":""},"categories":[4],"tags":[],"class_list":["post-19806","post","type-post","status-publish","format-standard","has-post-thumbnail","hentry","category-deportes"],"_links":{"self":[{"href":"https:\/\/sertv.gob.pa\/nacionalfm\/wp-json\/wp\/v2\/posts\/19806","targetHints":{"allow":["GET"]}}],"collection":[{"href":"https:\/\/sertv.gob.pa\/nacionalfm\/wp-json\/wp\/v2\/posts"}],"about":[{"href":"https:\/\/sertv.gob.pa\/nacionalfm\/wp-json\/wp\/v2\/types\/post"}],"author":[{"embeddable":true,"href":"https:\/\/sertv.gob.pa\/nacionalfm\/wp-json\/wp\/v2\/users\/1"}],"replies":[{"embeddable":true,"href":"https:\/\/sertv.gob.pa\/nacionalfm\/wp-json\/wp\/v2\/comments?post=19806"}],"version-history":[{"count":0,"href":"https:\/\/sertv.gob.pa\/nacionalfm\/wp-json\/wp\/v2\/posts\/19806\/revisions"}],"wp:featuredmedia":[{"embeddable":true,"href":"https:\/\/sertv.gob.pa\/nacionalfm\/wp-json\/wp\/v2\/media\/19807"}],"wp:attachment":[{"href":"https:\/\/sertv.gob.pa\/nacionalfm\/wp-json\/wp\/v2\/media?parent=19806"}],"wp:term":[{"taxonomy":"category","embeddable":true,"href":"https:\/\/sertv.gob.pa\/nacionalfm\/wp-json\/wp\/v2\/categories?post=19806"},{"taxonomy":"post_tag","embeddable":true,"href":"https:\/\/sertv.gob.pa\/nacionalfm\/wp-json\/wp\/v2\/tags?post=19806"}],"curies":[{"name":"wp","href":"https:\/\/api.w.org\/{rel}","templated":true}]}}