{"id":19814,"date":"2017-04-17T19:28:07","date_gmt":"2017-04-17T19:28:07","guid":{"rendered":""},"modified":"2017-04-17T19:28:07","modified_gmt":"2017-04-17T19:28:07","slug":"atletico-nacional-se-va-al-descenso","status":"publish","type":"post","link":"https:\/\/sertv.gob.pa\/nacionalfm\/atletico-nacional-se-va-al-descenso\/","title":{"rendered":"Atl\u00e9tico Nacional se va al descenso"},"content":{"rendered":"<p>\nLuego de la derrota ante el San Francisco 3-2 el Atl\u00e9tico Nacional en la Liga Paname\u00f1a de F\u00fatbol se fueron al descenso. <\/p>\n<p>En la tabla de posiciones El Atl\u00e9tico Nacional se encuentra con 9 puntos en tanto que los equipos m\u00e1s cercanos en cuanto a puntuaci\u00f3n son el Sporting San Miguelito y el Alianza con 16 puntos. <\/p>\n<p>\u00a0 <\/p>\n","protected":false},"excerpt":{"rendered":"<p>Luego de la derrota ante el San Francisco 3-2 el <a href=\"https:\/\/sertv.gob.pa\/nacionalfm\/atletico-nacional-se-va-al-descenso\/\"> [&#8230;]<\/a><\/p>\n","protected":false},"author":1,"featured_media":19815,"comment_status":"closed","ping_status":"closed","sticky":false,"template":"","format":"standard","meta":{"footnotes":""},"categories":[4],"tags":[],"class_list":["post-19814","post","type-post","status-publish","format-standard","has-post-thumbnail","hentry","category-deportes"],"_links":{"self":[{"href":"https:\/\/sertv.gob.pa\/nacionalfm\/wp-json\/wp\/v2\/posts\/19814","targetHints":{"allow":["GET"]}}],"collection":[{"href":"https:\/\/sertv.gob.pa\/nacionalfm\/wp-json\/wp\/v2\/posts"}],"about":[{"href":"https:\/\/sertv.gob.pa\/nacionalfm\/wp-json\/wp\/v2\/types\/post"}],"author":[{"embeddable":true,"href":"https:\/\/sertv.gob.pa\/nacionalfm\/wp-json\/wp\/v2\/users\/1"}],"replies":[{"embeddable":true,"href":"https:\/\/sertv.gob.pa\/nacionalfm\/wp-json\/wp\/v2\/comments?post=19814"}],"version-history":[{"count":0,"href":"https:\/\/sertv.gob.pa\/nacionalfm\/wp-json\/wp\/v2\/posts\/19814\/revisions"}],"wp:featuredmedia":[{"embeddable":true,"href":"https:\/\/sertv.gob.pa\/nacionalfm\/wp-json\/wp\/v2\/media\/19815"}],"wp:attachment":[{"href":"https:\/\/sertv.gob.pa\/nacionalfm\/wp-json\/wp\/v2\/media?parent=19814"}],"wp:term":[{"taxonomy":"category","embeddable":true,"href":"https:\/\/sertv.gob.pa\/nacionalfm\/wp-json\/wp\/v2\/categories?post=19814"},{"taxonomy":"post_tag","embeddable":true,"href":"https:\/\/sertv.gob.pa\/nacionalfm\/wp-json\/wp\/v2\/tags?post=19814"}],"curies":[{"name":"wp","href":"https:\/\/api.w.org\/{rel}","templated":true}]}}