{"id":19822,"date":"2017-04-18T15:06:37","date_gmt":"2017-04-18T15:06:37","guid":{"rendered":""},"modified":"2017-04-18T15:06:37","modified_gmt":"2017-04-18T15:06:37","slug":"censo-nacional-de-salud-desde-hoy-en-chame","status":"publish","type":"post","link":"https:\/\/sertv.gob.pa\/nacionalfm\/censo-nacional-de-salud-desde-hoy-en-chame\/","title":{"rendered":"Censo Nacional de Salud desde hoy en Chame"},"content":{"rendered":"<p>\nDesde\u00a0 hoy 18 al 20 de abril se desarrollar\u00e1 el Censo Nacional de Salud Preventiva en el distrito de Chame, provincia de Panam\u00e1 Oeste, dirigido a mayores de 40 a\u00f1os, asegurados o no. <\/p>\n<p>El 18 en el puesto de Salud de Cabuya de Chame y el 20 en el Centro de Salud de Chame, se brindar\u00e1n gratuitamente los servicios de: <\/p>\n<p>Laboratorio cl\u00ednico, con entrega inmediata de los resultados <\/p>\n<p>&bull; Toma de Presi\u00f3n Arterial<br \/>\n&bull; Peso y Talla<br \/>\n&bull; C\u00e1lculo del \u00edndice de masa corporal<br \/>\n&bull; Evaluaci\u00f3n nutrici\u00f3n<br \/>\n&bull; Vacunaci\u00f3n<br \/>\n&bull; Atenci\u00f3n m\u00e9dica General<br \/>\n&bull; Entrega de medicamentos <\/p>\n<p>La jornada empieza a las 5:00 a.m. y los pacientes deber\u00e1n acudir en ayuno, llevar su c\u00e9dula y tarjeta de vacunaci\u00f3n. Se les proveer\u00e1 desayuno en el sitio. <\/p>\n<p>Este tipo de actividades permite captar la presencia de enfermedades cr\u00f3nicas, prevenir su aparici\u00f3n detectando factores de riesgos y dar el seguimiento oportuno. <\/p>\n<p>\u00a0 <\/p>\n","protected":false},"excerpt":{"rendered":"<p>Desde\u00a0 hoy 18 al 20 de abril se desarrollar\u00e1 el <a href=\"https:\/\/sertv.gob.pa\/nacionalfm\/censo-nacional-de-salud-desde-hoy-en-chame\/\"> [&#8230;]<\/a><\/p>\n","protected":false},"author":1,"featured_media":19823,"comment_status":"closed","ping_status":"closed","sticky":false,"template":"","format":"standard","meta":{"footnotes":""},"categories":[5],"tags":[],"class_list":["post-19822","post","type-post","status-publish","format-standard","has-post-thumbnail","hentry","category-salud"],"_links":{"self":[{"href":"https:\/\/sertv.gob.pa\/nacionalfm\/wp-json\/wp\/v2\/posts\/19822","targetHints":{"allow":["GET"]}}],"collection":[{"href":"https:\/\/sertv.gob.pa\/nacionalfm\/wp-json\/wp\/v2\/posts"}],"about":[{"href":"https:\/\/sertv.gob.pa\/nacionalfm\/wp-json\/wp\/v2\/types\/post"}],"author":[{"embeddable":true,"href":"https:\/\/sertv.gob.pa\/nacionalfm\/wp-json\/wp\/v2\/users\/1"}],"replies":[{"embeddable":true,"href":"https:\/\/sertv.gob.pa\/nacionalfm\/wp-json\/wp\/v2\/comments?post=19822"}],"version-history":[{"count":0,"href":"https:\/\/sertv.gob.pa\/nacionalfm\/wp-json\/wp\/v2\/posts\/19822\/revisions"}],"wp:featuredmedia":[{"embeddable":true,"href":"https:\/\/sertv.gob.pa\/nacionalfm\/wp-json\/wp\/v2\/media\/19823"}],"wp:attachment":[{"href":"https:\/\/sertv.gob.pa\/nacionalfm\/wp-json\/wp\/v2\/media?parent=19822"}],"wp:term":[{"taxonomy":"category","embeddable":true,"href":"https:\/\/sertv.gob.pa\/nacionalfm\/wp-json\/wp\/v2\/categories?post=19822"},{"taxonomy":"post_tag","embeddable":true,"href":"https:\/\/sertv.gob.pa\/nacionalfm\/wp-json\/wp\/v2\/tags?post=19822"}],"curies":[{"name":"wp","href":"https:\/\/api.w.org\/{rel}","templated":true}]}}