{"id":19850,"date":"2017-04-18T20:36:04","date_gmt":"2017-04-18T20:36:04","guid":{"rendered":""},"modified":"2017-04-18T20:36:04","modified_gmt":"2017-04-18T20:36:04","slug":"el-plaza-amador-comodo-en-el-liderazgo-de-la-lpf","status":"publish","type":"post","link":"https:\/\/sertv.gob.pa\/nacionalfm\/el-plaza-amador-comodo-en-el-liderazgo-de-la-lpf\/","title":{"rendered":"El Plaza Amador c\u00f3modo en el liderazgo de la LPF"},"content":{"rendered":"<p>\nEl Club Deportivo Plaza Amador se encuentra c\u00f3modo en el liderazgo de la Liga Paname\u00f1a de F\u00fatbol con\u00a0 34 puntos seguido del Tauro y el Atl\u00e9tico Verag\u00fcense con 24, y en tercer lugar, de momento el \u00c1rabe Unido de Col\u00f3n con 21 puntos. <\/p>\n<p>M\u00e1s atr\u00e1s se ubican el San Francisco de la Chorrera con 20 puntos, Santa Gema y el Chorrillo con 18, con 16 se mantienen San Miguelito y el Alianza, en tanto que el s\u00f3tano se encuentra el Atl\u00e9tico Nacional de la Polic\u00eda. <\/p>\n","protected":false},"excerpt":{"rendered":"<p>El Club Deportivo Plaza Amador se encuentra c\u00f3modo en el <a href=\"https:\/\/sertv.gob.pa\/nacionalfm\/el-plaza-amador-comodo-en-el-liderazgo-de-la-lpf\/\"> [&#8230;]<\/a><\/p>\n","protected":false},"author":1,"featured_media":19851,"comment_status":"closed","ping_status":"closed","sticky":false,"template":"","format":"standard","meta":{"footnotes":""},"categories":[4],"tags":[],"class_list":["post-19850","post","type-post","status-publish","format-standard","has-post-thumbnail","hentry","category-deportes"],"_links":{"self":[{"href":"https:\/\/sertv.gob.pa\/nacionalfm\/wp-json\/wp\/v2\/posts\/19850","targetHints":{"allow":["GET"]}}],"collection":[{"href":"https:\/\/sertv.gob.pa\/nacionalfm\/wp-json\/wp\/v2\/posts"}],"about":[{"href":"https:\/\/sertv.gob.pa\/nacionalfm\/wp-json\/wp\/v2\/types\/post"}],"author":[{"embeddable":true,"href":"https:\/\/sertv.gob.pa\/nacionalfm\/wp-json\/wp\/v2\/users\/1"}],"replies":[{"embeddable":true,"href":"https:\/\/sertv.gob.pa\/nacionalfm\/wp-json\/wp\/v2\/comments?post=19850"}],"version-history":[{"count":0,"href":"https:\/\/sertv.gob.pa\/nacionalfm\/wp-json\/wp\/v2\/posts\/19850\/revisions"}],"wp:featuredmedia":[{"embeddable":true,"href":"https:\/\/sertv.gob.pa\/nacionalfm\/wp-json\/wp\/v2\/media\/19851"}],"wp:attachment":[{"href":"https:\/\/sertv.gob.pa\/nacionalfm\/wp-json\/wp\/v2\/media?parent=19850"}],"wp:term":[{"taxonomy":"category","embeddable":true,"href":"https:\/\/sertv.gob.pa\/nacionalfm\/wp-json\/wp\/v2\/categories?post=19850"},{"taxonomy":"post_tag","embeddable":true,"href":"https:\/\/sertv.gob.pa\/nacionalfm\/wp-json\/wp\/v2\/tags?post=19850"}],"curies":[{"name":"wp","href":"https:\/\/api.w.org\/{rel}","templated":true}]}}