{"id":19852,"date":"2017-04-18T20:55:27","date_gmt":"2017-04-18T20:55:27","guid":{"rendered":""},"modified":"2017-04-18T20:55:27","modified_gmt":"2017-04-18T20:55:27","slug":"destacan-prospecto-chiricano-ronald-el-gallito-batista","status":"publish","type":"post","link":"https:\/\/sertv.gob.pa\/nacionalfm\/destacan-prospecto-chiricano-ronald-el-gallito-batista\/","title":{"rendered":"Destacan  prospecto chiricano Ronald \u201cEl Gallito\u201d Batista"},"content":{"rendered":"<p>\nLa p\u00e1gina de Internet de Promociones y Eventos del Istmo destaca al invicto p\u00fagil chiricano Ronald &ldquo;El Gallito&rdquo; Batista, quien naci\u00f3n el 22 de diciembre en 1996, en la provincia de Chiriqu\u00ed. <\/p>\n<p>Batista en las filas ol\u00edmpicas fue campe\u00f3n del Torneo Cuna de Campeones, campe\u00f3n Guantes de Oro, representando a la provincia de Veraguas y represent\u00f3 a Panam\u00e1 en diversas ocasiones. <\/p>\n<p>En el boxeo profesional se mantiene imbatible en 3 presentaciones las cuales las ha definido por la ruta del K.O. <\/p>\n<p>En su m\u00e1s reciente presentaci\u00f3n en las filas profesionales venci\u00f3 por la v\u00eda r\u00e1pida a Cristian Serrac\u00edn en combate realizado el 8 de abril en el Gimnasio Municipal de Puerto Armuelles, Chiriqu\u00ed. <\/p>\n<p>Batista quien reside en David, milita en los supermoscas. <\/p>\n<p>\u00a0 <\/p>\n","protected":false},"excerpt":{"rendered":"<p>La p\u00e1gina de Internet de Promociones y Eventos del Istmo <a href=\"https:\/\/sertv.gob.pa\/nacionalfm\/destacan-prospecto-chiricano-ronald-el-gallito-batista\/\"> [&#8230;]<\/a><\/p>\n","protected":false},"author":1,"featured_media":0,"comment_status":"closed","ping_status":"closed","sticky":false,"template":"","format":"standard","meta":{"footnotes":""},"categories":[4],"tags":[],"class_list":["post-19852","post","type-post","status-publish","format-standard","hentry","category-deportes"],"_links":{"self":[{"href":"https:\/\/sertv.gob.pa\/nacionalfm\/wp-json\/wp\/v2\/posts\/19852","targetHints":{"allow":["GET"]}}],"collection":[{"href":"https:\/\/sertv.gob.pa\/nacionalfm\/wp-json\/wp\/v2\/posts"}],"about":[{"href":"https:\/\/sertv.gob.pa\/nacionalfm\/wp-json\/wp\/v2\/types\/post"}],"author":[{"embeddable":true,"href":"https:\/\/sertv.gob.pa\/nacionalfm\/wp-json\/wp\/v2\/users\/1"}],"replies":[{"embeddable":true,"href":"https:\/\/sertv.gob.pa\/nacionalfm\/wp-json\/wp\/v2\/comments?post=19852"}],"version-history":[{"count":0,"href":"https:\/\/sertv.gob.pa\/nacionalfm\/wp-json\/wp\/v2\/posts\/19852\/revisions"}],"wp:attachment":[{"href":"https:\/\/sertv.gob.pa\/nacionalfm\/wp-json\/wp\/v2\/media?parent=19852"}],"wp:term":[{"taxonomy":"category","embeddable":true,"href":"https:\/\/sertv.gob.pa\/nacionalfm\/wp-json\/wp\/v2\/categories?post=19852"},{"taxonomy":"post_tag","embeddable":true,"href":"https:\/\/sertv.gob.pa\/nacionalfm\/wp-json\/wp\/v2\/tags?post=19852"}],"curies":[{"name":"wp","href":"https:\/\/api.w.org\/{rel}","templated":true}]}}