{"id":19901,"date":"2017-04-20T16:25:10","date_gmt":"2017-04-20T16:25:10","guid":{"rendered":""},"modified":"2017-04-20T16:25:10","modified_gmt":"2017-04-20T16:25:10","slug":"caracteristicas-para-identificar-a-un-nino-autista","status":"publish","type":"post","link":"https:\/\/sertv.gob.pa\/nacionalfm\/caracteristicas-para-identificar-a-un-nino-autista\/","title":{"rendered":"Caracter\u00edsticas para identificar a un ni\u00f1o autista"},"content":{"rendered":"<p>\nEl autismo es un trastorno infantil que tiene mayor incidencia en ni\u00f1os que en ni\u00f1as. <\/p>\n<p>La neur\u00f3loga, Marion Alleyne explica que el autismo es un trastorno del neurodesarrollo que compromete \u00e1reas espec\u00edficas como el desarrollo del lenguaje, la interacci\u00f3n social, el patr\u00f3n conductual y margen de intereses ocasionando impedimentos cualitativos en el desenvolvimiento del ni\u00f1o a mediano y largo plazo. <\/p>\n<p>Alleyne igualmente detalla que en Panam\u00e1 no existen estad\u00edsticas sobre la prevalencia de esta condici\u00f3n cl\u00ednica. Sin embargo, afirma que se puede identificar la causa del autismo en un 35% de los pacientes, al identificar y confirmar factores de riesgo prenatales desfavorables como alteraciones de fertilidad e hipotirodismo materno, infecciones cong\u00e9nitas (rub\u00e9ola, citomegalovirus y el virus de herpes). <\/p>\n<p>&lsquo;Existen causas neurol\u00f3gicas documentadas como la esclerosis tuberosa, el s\u00edndrome de West, hipomelanosis de Ito, malformaciones cong\u00e9nitas del Sistema Nervioso Central. En el 10% de los casos existe una causa gen\u00e9tica evidente como el S\u00edndrome de X fr\u00e1gil. Un 50% se define criptog\u00e9nico (sospecha de la causa que no se pude demostrar por pruebas disponibles) y el 40% restante se consigna idiop\u00e1tico (no se presume ni se encuentra la causa)&#8217;, expres\u00f3 la doctora del Centro M\u00e9dico Paitilla. <\/p>\n<p>La neur\u00f3loga se\u00f1al\u00f3 que cuando un ni\u00f1o tiene esta condici\u00f3n cumple en mayor o menor medida con las siguientes caracter\u00edsticas. <\/p>\n<p>*Alteraci\u00f3n en los patrones verbales y no verbales de lenguaje que condicionan dificultad en la comunicaci\u00f3n. <\/p>\n<p>*Alteraci\u00f3n del desarrollo e interacci\u00f3n social rec\u00edproca incapacitando su relaci\u00f3n con las dem\u00e1s personas y el entorno. <\/p>\n<p>*Repertorio restringido de intereses y actividades favoreciendo fijaci\u00f3n por objetos, partes de objetos, comidas, colores, orden espec\u00edfico y horarios exactos, obsesi\u00f3n por mantener invariable su entorno lo cual altera el disfrute del com\u00fan de sus actividades. <\/p>\n<p>*Conductas motoras anormales: estereotipias (movimientos repetitivos r\u00edtmicos sin prop\u00f3sito). <\/p>\n<p>*Respuestas sensoriales an\u00f3malas. <\/p>\n<p>Seg\u00fan la galena no existe una causa \u00fanica y las diferentes causas no est\u00e1n bien identificadas, dada la variabilidad de los noxas (da\u00f1os) hallados en los m\u00faltiples pacientes diagnosticados. &lsquo;Entendi\u00e9ndose que estas causan una alteraci\u00f3n del funcionamiento de distintos circuitos funcionales del cerebro lo que da origen al trastorno con variable de expresi\u00f3n cl\u00ednica. <\/p>\n<p>\u00a0 <\/p>\n<p>\u00a0 <\/p>\n<p>\u00a0 <\/p>\n<p>\u00a0 <\/p>\n<p>\u00a0 <\/p>\n","protected":false},"excerpt":{"rendered":"<p>El autismo es un trastorno infantil que tiene mayor incidencia <a href=\"https:\/\/sertv.gob.pa\/nacionalfm\/caracteristicas-para-identificar-a-un-nino-autista\/\"> [&#8230;]<\/a><\/p>\n","protected":false},"author":1,"featured_media":19902,"comment_status":"closed","ping_status":"closed","sticky":false,"template":"","format":"standard","meta":{"footnotes":""},"categories":[5],"tags":[],"class_list":["post-19901","post","type-post","status-publish","format-standard","has-post-thumbnail","hentry","category-salud"],"_links":{"self":[{"href":"https:\/\/sertv.gob.pa\/nacionalfm\/wp-json\/wp\/v2\/posts\/19901","targetHints":{"allow":["GET"]}}],"collection":[{"href":"https:\/\/sertv.gob.pa\/nacionalfm\/wp-json\/wp\/v2\/posts"}],"about":[{"href":"https:\/\/sertv.gob.pa\/nacionalfm\/wp-json\/wp\/v2\/types\/post"}],"author":[{"embeddable":true,"href":"https:\/\/sertv.gob.pa\/nacionalfm\/wp-json\/wp\/v2\/users\/1"}],"replies":[{"embeddable":true,"href":"https:\/\/sertv.gob.pa\/nacionalfm\/wp-json\/wp\/v2\/comments?post=19901"}],"version-history":[{"count":0,"href":"https:\/\/sertv.gob.pa\/nacionalfm\/wp-json\/wp\/v2\/posts\/19901\/revisions"}],"wp:featuredmedia":[{"embeddable":true,"href":"https:\/\/sertv.gob.pa\/nacionalfm\/wp-json\/wp\/v2\/media\/19902"}],"wp:attachment":[{"href":"https:\/\/sertv.gob.pa\/nacionalfm\/wp-json\/wp\/v2\/media?parent=19901"}],"wp:term":[{"taxonomy":"category","embeddable":true,"href":"https:\/\/sertv.gob.pa\/nacionalfm\/wp-json\/wp\/v2\/categories?post=19901"},{"taxonomy":"post_tag","embeddable":true,"href":"https:\/\/sertv.gob.pa\/nacionalfm\/wp-json\/wp\/v2\/tags?post=19901"}],"curies":[{"name":"wp","href":"https:\/\/api.w.org\/{rel}","templated":true}]}}